{"id":13390,"date":"2025-03-02T20:38:40","date_gmt":"2025-03-02T19:38:40","guid":{"rendered":"https:\/\/wgphoto.pl\/t\/?p=13390"},"modified":"2025-03-02T20:38:40","modified_gmt":"2025-03-02T19:38:40","slug":"litice-nad-orlici","status":"publish","type":"post","link":"https:\/\/wgphoto.pl\/t\/?p=13390","title":{"rendered":"Litice nad Orlic\u00ed"},"content":{"rendered":"\n<figure class=\"wp-block-image aligncenter size-full\"><img loading=\"lazy\" decoding=\"async\" width=\"1024\" height=\"684\" src=\"https:\/\/wgphoto.pl\/t\/wp-content\/uploads\/2025\/03\/imgp0324-09.jpg\" alt=\"\" class=\"wp-image-13391\" srcset=\"https:\/\/wgphoto.pl\/t\/wp-content\/uploads\/2025\/03\/imgp0324-09.jpg 1024w, https:\/\/wgphoto.pl\/t\/wp-content\/uploads\/2025\/03\/imgp0324-09-300x200.jpg 300w, https:\/\/wgphoto.pl\/t\/wp-content\/uploads\/2025\/03\/imgp0324-09-768x513.jpg 768w\" sizes=\"auto, (max-width: 1024px) 100vw, 1024px\" \/><\/figure>\n\n\n\n<div class=\"wp-block-group has-global-padding is-layout-constrained wp-block-group-is-layout-constrained\">\n<p>754 048-7 z poci\u0105giem pospiesznym 794 z Letohradu do Prahy-Sm\u00edchov odje\u017cd\u017ca z zagubionej w\u015br\u00f3d g\u00f3r stacyjki Litice nad Orlic\u00ed. Droga ko\u0142owa ko\u0144czy si\u0119 nieopodal stacji wewn\u0105trz zakola Dzikiej Orlicy, poci\u0105g za\u015b wydostaje si\u0119 st\u0105d &#8222;do cywilizacji&#8221; niespe\u0142na 300-metrowym tunelem. 25.10.2009<\/p>\n<\/div>\n","protected":false},"excerpt":{"rendered":"<p>754 048-7 z poci\u0105giem pospiesznym 794 z Letohradu do Prahy-Sm\u00edchov odje\u017cd\u017ca z zagubionej w\u015br\u00f3d g\u00f3r stacyjki Litice nad Orlic\u00ed. Droga ko\u0142owa ko\u0144czy si\u0119 nieopodal stacji wewn\u0105trz zakola Dzikiej Orlicy, poci\u0105g za\u015b wydostaje si\u0119 st\u0105d &#8222;do cywilizacji&#8221; niespe\u0142na 300-metrowym tunelem. 25.10.2009<\/p>\n","protected":false},"author":1,"featured_media":13391,"comment_status":"open","ping_status":"","sticky":false,"template":"","format":"standard","meta":{"footnotes":""},"categories":[2,169],"tags":[1412,335,50,49,3327,1841],"class_list":["post-13390","post","type-post","status-publish","format-standard","has-post-thumbnail","hentry","category-kolej","category-rok-2009","tag-2009-10-25","tag-335","tag-cd","tag-czechy","tag-litice-nad-orlici","tag-tab-cz021"],"_links":{"self":[{"href":"https:\/\/wgphoto.pl\/t\/index.php?rest_route=\/wp\/v2\/posts\/13390","targetHints":{"allow":["GET"]}}],"collection":[{"href":"https:\/\/wgphoto.pl\/t\/index.php?rest_route=\/wp\/v2\/posts"}],"about":[{"href":"https:\/\/wgphoto.pl\/t\/index.php?rest_route=\/wp\/v2\/types\/post"}],"author":[{"embeddable":true,"href":"https:\/\/wgphoto.pl\/t\/index.php?rest_route=\/wp\/v2\/users\/1"}],"replies":[{"embeddable":true,"href":"https:\/\/wgphoto.pl\/t\/index.php?rest_route=%2Fwp%2Fv2%2Fcomments&post=13390"}],"version-history":[{"count":1,"href":"https:\/\/wgphoto.pl\/t\/index.php?rest_route=\/wp\/v2\/posts\/13390\/revisions"}],"predecessor-version":[{"id":13392,"href":"https:\/\/wgphoto.pl\/t\/index.php?rest_route=\/wp\/v2\/posts\/13390\/revisions\/13392"}],"wp:featuredmedia":[{"embeddable":true,"href":"https:\/\/wgphoto.pl\/t\/index.php?rest_route=\/wp\/v2\/media\/13391"}],"wp:attachment":[{"href":"https:\/\/wgphoto.pl\/t\/index.php?rest_route=%2Fwp%2Fv2%2Fmedia&parent=13390"}],"wp:term":[{"taxonomy":"category","embeddable":true,"href":"https:\/\/wgphoto.pl\/t\/index.php?rest_route=%2Fwp%2Fv2%2Fcategories&post=13390"},{"taxonomy":"post_tag","embeddable":true,"href":"https:\/\/wgphoto.pl\/t\/index.php?rest_route=%2Fwp%2Fv2%2Ftags&post=13390"}],"curies":[{"name":"wp","href":"https:\/\/api.w.org\/{rel}","templated":true}]}}