{"id":13396,"date":"2025-03-02T20:40:21","date_gmt":"2025-03-02T19:40:21","guid":{"rendered":"https:\/\/wgphoto.pl\/t\/?p=13396"},"modified":"2025-03-02T20:40:21","modified_gmt":"2025-03-02T19:40:21","slug":"cermna-nad-orlici","status":"publish","type":"post","link":"https:\/\/wgphoto.pl\/t\/?p=13396","title":{"rendered":"\u010cermn\u00e1 nad Orlic\u00ed"},"content":{"rendered":"\n<figure class=\"wp-block-image aligncenter size-full\"><img loading=\"lazy\" decoding=\"async\" width=\"1200\" height=\"803\" src=\"https:\/\/wgphoto.pl\/t\/wp-content\/uploads\/2025\/03\/imgp0339.jpg\" alt=\"\" class=\"wp-image-13397\" srcset=\"https:\/\/wgphoto.pl\/t\/wp-content\/uploads\/2025\/03\/imgp0339.jpg 1200w, https:\/\/wgphoto.pl\/t\/wp-content\/uploads\/2025\/03\/imgp0339-300x201.jpg 300w, https:\/\/wgphoto.pl\/t\/wp-content\/uploads\/2025\/03\/imgp0339-768x514.jpg 768w\" sizes=\"auto, (max-width: 1200px) 100vw, 1200px\" \/><\/figure>\n\n\n\n<div class=\"wp-block-group has-global-padding is-layout-constrained wp-block-group-is-layout-constrained\">\n<p>Lokomotywa 163 244-7 z\u0142apana w niecodziennej sytuacji &#8211; w czasie oblotu sk\u0142adu w Czermnej nad Orlic\u0105. W\u00f3wczas z powodu zamkni\u0119cia szlaku poci\u0105gi z Hradce Kr\u00e1lov\u00e9 ko\u0144czy\u0142y tutaj bieg, a pasa\u017cerowie na dalszym odcinku do Chocn\u011b byli przewo\u017ceni autobusami. 25.10.2009<\/p>\n<\/div>\n","protected":false},"excerpt":{"rendered":"<p>Lokomotywa 163 244-7 z\u0142apana w niecodziennej sytuacji &#8211; w czasie oblotu sk\u0142adu w Czermnej nad Orlic\u0105. W\u00f3wczas z powodu zamkni\u0119cia szlaku poci\u0105gi z Hradce Kr\u00e1lov\u00e9 ko\u0144czy\u0142y tutaj bieg, a pasa\u017cerowie na dalszym odcinku do Chocn\u011b byli przewo\u017ceni autobusami. 25.10.2009<\/p>\n","protected":false},"author":1,"featured_media":13397,"comment_status":"open","ping_status":"","sticky":false,"template":"","format":"standard","meta":{"footnotes":""},"categories":[2,169],"tags":[1401,1412,50,3329,49,126,53,3330],"class_list":["post-13396","post","type-post","status-publish","format-standard","has-post-thumbnail","hentry","category-kolej","category-rok-2009","tag-1401","tag-2009-10-25","tag-cd","tag-cermna-nad-orlici","tag-czechy","tag-jesien","tag-sygnalizacja-ksztaltowa","tag-tab-cz020"],"_links":{"self":[{"href":"https:\/\/wgphoto.pl\/t\/index.php?rest_route=\/wp\/v2\/posts\/13396","targetHints":{"allow":["GET"]}}],"collection":[{"href":"https:\/\/wgphoto.pl\/t\/index.php?rest_route=\/wp\/v2\/posts"}],"about":[{"href":"https:\/\/wgphoto.pl\/t\/index.php?rest_route=\/wp\/v2\/types\/post"}],"author":[{"embeddable":true,"href":"https:\/\/wgphoto.pl\/t\/index.php?rest_route=\/wp\/v2\/users\/1"}],"replies":[{"embeddable":true,"href":"https:\/\/wgphoto.pl\/t\/index.php?rest_route=%2Fwp%2Fv2%2Fcomments&post=13396"}],"version-history":[{"count":1,"href":"https:\/\/wgphoto.pl\/t\/index.php?rest_route=\/wp\/v2\/posts\/13396\/revisions"}],"predecessor-version":[{"id":13398,"href":"https:\/\/wgphoto.pl\/t\/index.php?rest_route=\/wp\/v2\/posts\/13396\/revisions\/13398"}],"wp:featuredmedia":[{"embeddable":true,"href":"https:\/\/wgphoto.pl\/t\/index.php?rest_route=\/wp\/v2\/media\/13397"}],"wp:attachment":[{"href":"https:\/\/wgphoto.pl\/t\/index.php?rest_route=%2Fwp%2Fv2%2Fmedia&parent=13396"}],"wp:term":[{"taxonomy":"category","embeddable":true,"href":"https:\/\/wgphoto.pl\/t\/index.php?rest_route=%2Fwp%2Fv2%2Fcategories&post=13396"},{"taxonomy":"post_tag","embeddable":true,"href":"https:\/\/wgphoto.pl\/t\/index.php?rest_route=%2Fwp%2Fv2%2Ftags&post=13396"}],"curies":[{"name":"wp","href":"https:\/\/api.w.org\/{rel}","templated":true}]}}