{"id":13408,"date":"2025-03-02T20:44:17","date_gmt":"2025-03-02T19:44:17","guid":{"rendered":"https:\/\/wgphoto.pl\/t\/?p=13408"},"modified":"2025-03-02T20:44:17","modified_gmt":"2025-03-02T19:44:17","slug":"2x-wroclaw-1","status":"publish","type":"post","link":"https:\/\/wgphoto.pl\/t\/?p=13408","title":{"rendered":"2x Wroc\u0142aw (1)"},"content":{"rendered":"\n<figure class=\"wp-block-image aligncenter size-full\"><img loading=\"lazy\" decoding=\"async\" width=\"1300\" height=\"870\" src=\"https:\/\/wgphoto.pl\/t\/wp-content\/uploads\/2025\/03\/imgp0401.jpg\" alt=\"\" class=\"wp-image-13409\" srcset=\"https:\/\/wgphoto.pl\/t\/wp-content\/uploads\/2025\/03\/imgp0401.jpg 1300w, https:\/\/wgphoto.pl\/t\/wp-content\/uploads\/2025\/03\/imgp0401-300x201.jpg 300w, https:\/\/wgphoto.pl\/t\/wp-content\/uploads\/2025\/03\/imgp0401-768x514.jpg 768w\" sizes=\"auto, (max-width: 1300px) 100vw, 1300px\" \/><\/figure>\n\n\n\n<div class=\"wp-block-group has-global-padding is-layout-constrained wp-block-group-is-layout-constrained\">\n<p>Pot\u0161tejn. 754 051-1 z rychlikiem 253 z Pragi do Wroc\u0142awia krzy\u017cuje z zatrzymuj\u0105cym si\u0119 w\u0142a\u015bnie poci\u0105giem pospiesznym 252 relacji przeciwnej. 2009-10-25<\/p>\n<\/div>\n","protected":false},"excerpt":{"rendered":"<p>Pot\u0161tejn. 754 051-1 z rychlikiem 253 z Pragi do Wroc\u0142awia krzy\u017cuje z zatrzymuj\u0105cym si\u0119 w\u0142a\u015bnie poci\u0105giem pospiesznym 252 relacji przeciwnej. 2009-10-25<\/p>\n","protected":false},"author":1,"featured_media":13409,"comment_status":"open","ping_status":"","sticky":false,"template":"","format":"standard","meta":{"footnotes":""},"categories":[2,169],"tags":[1412,335,50,49,151,154,2699,1841],"class_list":["post-13408","post","type-post","status-publish","format-standard","has-post-thumbnail","hentry","category-kolej","category-rok-2009","tag-2009-10-25","tag-335","tag-cd","tag-czechy","tag-ludzie","tag-noc","tag-potstejn","tag-tab-cz021"],"_links":{"self":[{"href":"https:\/\/wgphoto.pl\/t\/index.php?rest_route=\/wp\/v2\/posts\/13408","targetHints":{"allow":["GET"]}}],"collection":[{"href":"https:\/\/wgphoto.pl\/t\/index.php?rest_route=\/wp\/v2\/posts"}],"about":[{"href":"https:\/\/wgphoto.pl\/t\/index.php?rest_route=\/wp\/v2\/types\/post"}],"author":[{"embeddable":true,"href":"https:\/\/wgphoto.pl\/t\/index.php?rest_route=\/wp\/v2\/users\/1"}],"replies":[{"embeddable":true,"href":"https:\/\/wgphoto.pl\/t\/index.php?rest_route=%2Fwp%2Fv2%2Fcomments&post=13408"}],"version-history":[{"count":1,"href":"https:\/\/wgphoto.pl\/t\/index.php?rest_route=\/wp\/v2\/posts\/13408\/revisions"}],"predecessor-version":[{"id":13410,"href":"https:\/\/wgphoto.pl\/t\/index.php?rest_route=\/wp\/v2\/posts\/13408\/revisions\/13410"}],"wp:featuredmedia":[{"embeddable":true,"href":"https:\/\/wgphoto.pl\/t\/index.php?rest_route=\/wp\/v2\/media\/13409"}],"wp:attachment":[{"href":"https:\/\/wgphoto.pl\/t\/index.php?rest_route=%2Fwp%2Fv2%2Fmedia&parent=13408"}],"wp:term":[{"taxonomy":"category","embeddable":true,"href":"https:\/\/wgphoto.pl\/t\/index.php?rest_route=%2Fwp%2Fv2%2Fcategories&post=13408"},{"taxonomy":"post_tag","embeddable":true,"href":"https:\/\/wgphoto.pl\/t\/index.php?rest_route=%2Fwp%2Fv2%2Ftags&post=13408"}],"curies":[{"name":"wp","href":"https:\/\/api.w.org\/{rel}","templated":true}]}}