{"id":13417,"date":"2025-03-02T20:46:51","date_gmt":"2025-03-02T19:46:51","guid":{"rendered":"https:\/\/wgphoto.pl\/t\/?p=13417"},"modified":"2025-03-02T20:46:51","modified_gmt":"2025-03-02T19:46:51","slug":"jablonne-nad-orlici","status":"publish","type":"post","link":"https:\/\/wgphoto.pl\/t\/?p=13417","title":{"rendered":"Jablonn\u00e9 nad Orlic\u00ed"},"content":{"rendered":"\n<figure class=\"wp-block-image aligncenter size-full\"><img loading=\"lazy\" decoding=\"async\" width=\"1024\" height=\"685\" src=\"https:\/\/wgphoto.pl\/t\/wp-content\/uploads\/2025\/03\/imgp0299.jpg\" alt=\"\" class=\"wp-image-13418\" srcset=\"https:\/\/wgphoto.pl\/t\/wp-content\/uploads\/2025\/03\/imgp0299.jpg 1024w, https:\/\/wgphoto.pl\/t\/wp-content\/uploads\/2025\/03\/imgp0299-300x201.jpg 300w, https:\/\/wgphoto.pl\/t\/wp-content\/uploads\/2025\/03\/imgp0299-768x514.jpg 768w\" sizes=\"auto, (max-width: 1024px) 100vw, 1024px\" \/><\/figure>\n\n\n\n<div class=\"wp-block-group has-global-padding is-layout-constrained wp-block-group-is-layout-constrained\">\n<p>EU07-321 na czele porannego rychlika z Wroc\u0142awia do Pragi zatrzymuje si\u0119 w zamglonym Jablonn\u00e9m nad Orlic\u00ed. Peron przylegaj\u0105cy do budynku stacyjnego po przebudowie stacji straci\u0142 nieco na znaczeniu, cho\u0107 podr\u00f3\u017cni nadal s\u0105 przeze\u0144 kierowani z poczekalni na nowy, wyspowy peron. 25.10.2009<\/p>\n<\/div>\n","protected":false},"excerpt":{"rendered":"<p>EU07-321 na czele porannego rychlika z Wroc\u0142awia do Pragi zatrzymuje si\u0119 w zamglonym Jablonn\u00e9m nad Orlic\u00ed. Peron przylegaj\u0105cy do budynku stacyjnego po przebudowie stacji straci\u0142 nieco na znaczeniu, cho\u0107 podr\u00f3\u017cni nadal s\u0105 przeze\u0144 kierowani z poczekalni na nowy, wyspowy peron. 25.10.2009<\/p>\n","protected":false},"author":1,"featured_media":13418,"comment_status":"open","ping_status":"","sticky":false,"template":"","format":"standard","meta":{"footnotes":""},"categories":[2,169],"tags":[1412,49,122,249,583,821,63,584],"class_list":["post-13417","post","type-post","status-publish","format-standard","has-post-thumbnail","hentry","category-kolej","category-rok-2009","tag-2009-10-25","tag-czechy","tag-eu07","tag-goscinne-wystepy","tag-jablonne-nad-orlici","tag-mgla","tag-pkp","tag-tab-cz024"],"_links":{"self":[{"href":"https:\/\/wgphoto.pl\/t\/index.php?rest_route=\/wp\/v2\/posts\/13417","targetHints":{"allow":["GET"]}}],"collection":[{"href":"https:\/\/wgphoto.pl\/t\/index.php?rest_route=\/wp\/v2\/posts"}],"about":[{"href":"https:\/\/wgphoto.pl\/t\/index.php?rest_route=\/wp\/v2\/types\/post"}],"author":[{"embeddable":true,"href":"https:\/\/wgphoto.pl\/t\/index.php?rest_route=\/wp\/v2\/users\/1"}],"replies":[{"embeddable":true,"href":"https:\/\/wgphoto.pl\/t\/index.php?rest_route=%2Fwp%2Fv2%2Fcomments&post=13417"}],"version-history":[{"count":1,"href":"https:\/\/wgphoto.pl\/t\/index.php?rest_route=\/wp\/v2\/posts\/13417\/revisions"}],"predecessor-version":[{"id":13419,"href":"https:\/\/wgphoto.pl\/t\/index.php?rest_route=\/wp\/v2\/posts\/13417\/revisions\/13419"}],"wp:featuredmedia":[{"embeddable":true,"href":"https:\/\/wgphoto.pl\/t\/index.php?rest_route=\/wp\/v2\/media\/13418"}],"wp:attachment":[{"href":"https:\/\/wgphoto.pl\/t\/index.php?rest_route=%2Fwp%2Fv2%2Fmedia&parent=13417"}],"wp:term":[{"taxonomy":"category","embeddable":true,"href":"https:\/\/wgphoto.pl\/t\/index.php?rest_route=%2Fwp%2Fv2%2Fcategories&post=13417"},{"taxonomy":"post_tag","embeddable":true,"href":"https:\/\/wgphoto.pl\/t\/index.php?rest_route=%2Fwp%2Fv2%2Ftags&post=13417"}],"curies":[{"name":"wp","href":"https:\/\/api.w.org\/{rel}","templated":true}]}}