{"id":13432,"date":"2025-03-02T20:55:55","date_gmt":"2025-03-02T19:55:55","guid":{"rendered":"https:\/\/wgphoto.pl\/t\/?p=13432"},"modified":"2025-03-02T20:55:55","modified_gmt":"2025-03-02T19:55:55","slug":"pociag-w-lesie","status":"publish","type":"post","link":"https:\/\/wgphoto.pl\/t\/?p=13432","title":{"rendered":"Poci\u0105g w lesie"},"content":{"rendered":"\n<figure class=\"wp-block-image aligncenter size-full\"><img loading=\"lazy\" decoding=\"async\" width=\"1024\" height=\"683\" src=\"https:\/\/wgphoto.pl\/t\/wp-content\/uploads\/2025\/03\/imgp3051.jpg\" alt=\"\" class=\"wp-image-13433\" srcset=\"https:\/\/wgphoto.pl\/t\/wp-content\/uploads\/2025\/03\/imgp3051.jpg 1024w, https:\/\/wgphoto.pl\/t\/wp-content\/uploads\/2025\/03\/imgp3051-300x200.jpg 300w, https:\/\/wgphoto.pl\/t\/wp-content\/uploads\/2025\/03\/imgp3051-768x512.jpg 768w\" sizes=\"auto, (max-width: 1024px) 100vw, 1024px\" \/><\/figure>\n\n\n\n<div class=\"wp-block-group has-global-padding is-layout-constrained wp-block-group-is-layout-constrained\">\n<p>SU42-540 z poci\u0105giem osobowym 3312 z Kudowy Zdr. do K\u0142odzka G\u0142. przemierza le\u015bny odcinek nied\u0142ugo po wyje\u017adzie z tunelu w Kulinie K\u0142odzkim. 2009-03-21<\/p>\n<\/div>\n","protected":false},"excerpt":{"rendered":"<p>SU42-540 z poci\u0105giem osobowym 3312 z Kudowy Zdr. do K\u0142odzka G\u0142. przemierza le\u015bny odcinek nied\u0142ugo po wyje\u017adzie z tunelu w Kulinie K\u0142odzkim. 2009-03-21<\/p>\n","protected":false},"author":1,"featured_media":13433,"comment_status":"open","ping_status":"","sticky":false,"template":"","format":"standard","meta":{"footnotes":""},"categories":[2,169],"tags":[387,1604,386,63,27,44,250,383],"class_list":["post-13432","post","type-post","status-publish","format-standard","has-post-thumbnail","hentry","category-kolej","category-rok-2009","tag-2009-03-21","tag-duszniki-zdroj","tag-kulin-klodzki","tag-pkp","tag-polska","tag-snieg","tag-su42","tag-tab-pl230"],"_links":{"self":[{"href":"https:\/\/wgphoto.pl\/t\/index.php?rest_route=\/wp\/v2\/posts\/13432","targetHints":{"allow":["GET"]}}],"collection":[{"href":"https:\/\/wgphoto.pl\/t\/index.php?rest_route=\/wp\/v2\/posts"}],"about":[{"href":"https:\/\/wgphoto.pl\/t\/index.php?rest_route=\/wp\/v2\/types\/post"}],"author":[{"embeddable":true,"href":"https:\/\/wgphoto.pl\/t\/index.php?rest_route=\/wp\/v2\/users\/1"}],"replies":[{"embeddable":true,"href":"https:\/\/wgphoto.pl\/t\/index.php?rest_route=%2Fwp%2Fv2%2Fcomments&post=13432"}],"version-history":[{"count":1,"href":"https:\/\/wgphoto.pl\/t\/index.php?rest_route=\/wp\/v2\/posts\/13432\/revisions"}],"predecessor-version":[{"id":13434,"href":"https:\/\/wgphoto.pl\/t\/index.php?rest_route=\/wp\/v2\/posts\/13432\/revisions\/13434"}],"wp:featuredmedia":[{"embeddable":true,"href":"https:\/\/wgphoto.pl\/t\/index.php?rest_route=\/wp\/v2\/media\/13433"}],"wp:attachment":[{"href":"https:\/\/wgphoto.pl\/t\/index.php?rest_route=%2Fwp%2Fv2%2Fmedia&parent=13432"}],"wp:term":[{"taxonomy":"category","embeddable":true,"href":"https:\/\/wgphoto.pl\/t\/index.php?rest_route=%2Fwp%2Fv2%2Fcategories&post=13432"},{"taxonomy":"post_tag","embeddable":true,"href":"https:\/\/wgphoto.pl\/t\/index.php?rest_route=%2Fwp%2Fv2%2Ftags&post=13432"}],"curies":[{"name":"wp","href":"https:\/\/api.w.org\/{rel}","templated":true}]}}