{"id":13435,"date":"2025-03-02T20:56:51","date_gmt":"2025-03-02T19:56:51","guid":{"rendered":"https:\/\/wgphoto.pl\/t\/?p=13435"},"modified":"2025-03-02T20:56:51","modified_gmt":"2025-03-02T19:56:51","slug":"su42-540-polanica-zdr-szczytna","status":"publish","type":"post","link":"https:\/\/wgphoto.pl\/t\/?p=13435","title":{"rendered":"SU42-540, Polanica-Zdr. &#8211; Szczytna"},"content":{"rendered":"\n<figure class=\"wp-block-image aligncenter size-full\"><img loading=\"lazy\" decoding=\"async\" width=\"600\" height=\"850\" src=\"https:\/\/wgphoto.pl\/t\/wp-content\/uploads\/2025\/03\/imgp3098-1.jpg\" alt=\"\" class=\"wp-image-13436\" srcset=\"https:\/\/wgphoto.pl\/t\/wp-content\/uploads\/2025\/03\/imgp3098-1.jpg 600w, https:\/\/wgphoto.pl\/t\/wp-content\/uploads\/2025\/03\/imgp3098-1-212x300.jpg 212w\" sizes=\"auto, (max-width: 600px) 100vw, 600px\" \/><\/figure>\n\n\n\n<div class=\"wp-block-group has-global-padding is-layout-constrained wp-block-group-is-layout-constrained\">\n<p>Odcinek Polanica-Zdr\u00f3j &#8211; Szczytna. SU42-540 prowadzi poci\u0105g osobowy 6621 &#8222;Kamie\u0144czyk&#8221; relacji (Pozna\u0144 G\u0142\u00f3wny -) Wroc\u0142aw G\u0142\u00f3wny &#8211; Kudowa-Zdr\u00f3j. 2009-03-21<\/p>\n<\/div>\n","protected":false},"excerpt":{"rendered":"<p>Odcinek Polanica-Zdr\u00f3j &#8211; Szczytna. SU42-540 prowadzi poci\u0105g osobowy 6621 &#8222;Kamie\u0144czyk&#8221; relacji (Pozna\u0144 G\u0142\u00f3wny -) Wroc\u0142aw G\u0142\u00f3wny &#8211; Kudowa-Zdr\u00f3j. 2009-03-21<\/p>\n","protected":false},"author":1,"featured_media":13436,"comment_status":"open","ping_status":"","sticky":false,"template":"","format":"standard","meta":{"footnotes":""},"categories":[2,128,169],"tags":[387,63,1946,27,44,250,2207,383],"class_list":["post-13435","post","type-post","status-publish","format-standard","has-post-thumbnail","hentry","category-kolej","category-pionowe","category-rok-2009","tag-2009-03-21","tag-pkp","tag-polanica-zdroj","tag-polska","tag-snieg","tag-su42","tag-szczytna","tag-tab-pl230"],"_links":{"self":[{"href":"https:\/\/wgphoto.pl\/t\/index.php?rest_route=\/wp\/v2\/posts\/13435","targetHints":{"allow":["GET"]}}],"collection":[{"href":"https:\/\/wgphoto.pl\/t\/index.php?rest_route=\/wp\/v2\/posts"}],"about":[{"href":"https:\/\/wgphoto.pl\/t\/index.php?rest_route=\/wp\/v2\/types\/post"}],"author":[{"embeddable":true,"href":"https:\/\/wgphoto.pl\/t\/index.php?rest_route=\/wp\/v2\/users\/1"}],"replies":[{"embeddable":true,"href":"https:\/\/wgphoto.pl\/t\/index.php?rest_route=%2Fwp%2Fv2%2Fcomments&post=13435"}],"version-history":[{"count":1,"href":"https:\/\/wgphoto.pl\/t\/index.php?rest_route=\/wp\/v2\/posts\/13435\/revisions"}],"predecessor-version":[{"id":13437,"href":"https:\/\/wgphoto.pl\/t\/index.php?rest_route=\/wp\/v2\/posts\/13435\/revisions\/13437"}],"wp:featuredmedia":[{"embeddable":true,"href":"https:\/\/wgphoto.pl\/t\/index.php?rest_route=\/wp\/v2\/media\/13436"}],"wp:attachment":[{"href":"https:\/\/wgphoto.pl\/t\/index.php?rest_route=%2Fwp%2Fv2%2Fmedia&parent=13435"}],"wp:term":[{"taxonomy":"category","embeddable":true,"href":"https:\/\/wgphoto.pl\/t\/index.php?rest_route=%2Fwp%2Fv2%2Fcategories&post=13435"},{"taxonomy":"post_tag","embeddable":true,"href":"https:\/\/wgphoto.pl\/t\/index.php?rest_route=%2Fwp%2Fv2%2Ftags&post=13435"}],"curies":[{"name":"wp","href":"https:\/\/api.w.org\/{rel}","templated":true}]}}