{"id":13441,"date":"2025-03-02T20:58:36","date_gmt":"2025-03-02T19:58:36","guid":{"rendered":"https:\/\/wgphoto.pl\/t\/?p=13441"},"modified":"2025-03-02T20:58:36","modified_gmt":"2025-03-02T19:58:36","slug":"bystrzyca-dusznicka","status":"publish","type":"post","link":"https:\/\/wgphoto.pl\/t\/?p=13441","title":{"rendered":"Bystrzyca Dusznicka"},"content":{"rendered":"\n<figure class=\"wp-block-image aligncenter size-full\"><img loading=\"lazy\" decoding=\"async\" width=\"1024\" height=\"683\" src=\"https:\/\/wgphoto.pl\/t\/wp-content\/uploads\/2025\/03\/imgp3095.jpg\" alt=\"\" class=\"wp-image-13442\" srcset=\"https:\/\/wgphoto.pl\/t\/wp-content\/uploads\/2025\/03\/imgp3095.jpg 1024w, https:\/\/wgphoto.pl\/t\/wp-content\/uploads\/2025\/03\/imgp3095-300x200.jpg 300w, https:\/\/wgphoto.pl\/t\/wp-content\/uploads\/2025\/03\/imgp3095-768x512.jpg 768w\" sizes=\"auto, (max-width: 1024px) 100vw, 1024px\" \/><\/figure>\n\n\n\n<div class=\"wp-block-group has-global-padding is-layout-constrained wp-block-group-is-layout-constrained\">\n<p>Odcinek Szczytna &#8211; Polanica-Zdr\u00f3j. SU42-536 z poc. osob. 6626 &#8222;Szklarka&#8221; z Kudowy-Zdr. do Wroc\u0142awia G\u0142. (wagony bezpo\u015brednie do Poznania G\u0142.) mija most nad Bystrzyc\u0105 Dusznick\u0105 oraz drog\u0105 z Polanicy do Szczytnej. 2009-03-21<\/p>\n<\/div>\n","protected":false},"excerpt":{"rendered":"<p>Odcinek Szczytna &#8211; Polanica-Zdr\u00f3j. SU42-536 z poc. osob. 6626 &#8222;Szklarka&#8221; z Kudowy-Zdr. do Wroc\u0142awia G\u0142. (wagony bezpo\u015brednie do Poznania G\u0142.) mija most nad Bystrzyc\u0105 Dusznick\u0105 oraz drog\u0105 z Polanicy do Szczytnej. 2009-03-21<\/p>\n","protected":false},"author":1,"featured_media":13442,"comment_status":"open","ping_status":"","sticky":false,"template":"","format":"standard","meta":{"footnotes":""},"categories":[2,169],"tags":[387,45,63,1946,27,44,250,2207,383],"class_list":["post-13441","post","type-post","status-publish","format-standard","has-post-thumbnail","hentry","category-kolej","category-rok-2009","tag-2009-03-21","tag-most","tag-pkp","tag-polanica-zdroj","tag-polska","tag-snieg","tag-su42","tag-szczytna","tag-tab-pl230"],"_links":{"self":[{"href":"https:\/\/wgphoto.pl\/t\/index.php?rest_route=\/wp\/v2\/posts\/13441","targetHints":{"allow":["GET"]}}],"collection":[{"href":"https:\/\/wgphoto.pl\/t\/index.php?rest_route=\/wp\/v2\/posts"}],"about":[{"href":"https:\/\/wgphoto.pl\/t\/index.php?rest_route=\/wp\/v2\/types\/post"}],"author":[{"embeddable":true,"href":"https:\/\/wgphoto.pl\/t\/index.php?rest_route=\/wp\/v2\/users\/1"}],"replies":[{"embeddable":true,"href":"https:\/\/wgphoto.pl\/t\/index.php?rest_route=%2Fwp%2Fv2%2Fcomments&post=13441"}],"version-history":[{"count":1,"href":"https:\/\/wgphoto.pl\/t\/index.php?rest_route=\/wp\/v2\/posts\/13441\/revisions"}],"predecessor-version":[{"id":13443,"href":"https:\/\/wgphoto.pl\/t\/index.php?rest_route=\/wp\/v2\/posts\/13441\/revisions\/13443"}],"wp:featuredmedia":[{"embeddable":true,"href":"https:\/\/wgphoto.pl\/t\/index.php?rest_route=\/wp\/v2\/media\/13442"}],"wp:attachment":[{"href":"https:\/\/wgphoto.pl\/t\/index.php?rest_route=%2Fwp%2Fv2%2Fmedia&parent=13441"}],"wp:term":[{"taxonomy":"category","embeddable":true,"href":"https:\/\/wgphoto.pl\/t\/index.php?rest_route=%2Fwp%2Fv2%2Fcategories&post=13441"},{"taxonomy":"post_tag","embeddable":true,"href":"https:\/\/wgphoto.pl\/t\/index.php?rest_route=%2Fwp%2Fv2%2Ftags&post=13441"}],"curies":[{"name":"wp","href":"https:\/\/api.w.org\/{rel}","templated":true}]}}