{"id":13444,"date":"2025-03-02T20:59:57","date_gmt":"2025-03-02T19:59:57","guid":{"rendered":"https:\/\/wgphoto.pl\/t\/?p=13444"},"modified":"2025-03-02T20:59:57","modified_gmt":"2025-03-02T19:59:57","slug":"czarne-chmury","status":"publish","type":"post","link":"https:\/\/wgphoto.pl\/t\/?p=13444","title":{"rendered":"Czarne chmury"},"content":{"rendered":"\n<figure class=\"wp-block-image aligncenter size-full\"><img loading=\"lazy\" decoding=\"async\" width=\"1200\" height=\"803\" src=\"https:\/\/wgphoto.pl\/t\/wp-content\/uploads\/2025\/03\/imgp6364.jpg\" alt=\"\" class=\"wp-image-13445\" srcset=\"https:\/\/wgphoto.pl\/t\/wp-content\/uploads\/2025\/03\/imgp6364.jpg 1200w, https:\/\/wgphoto.pl\/t\/wp-content\/uploads\/2025\/03\/imgp6364-300x201.jpg 300w, https:\/\/wgphoto.pl\/t\/wp-content\/uploads\/2025\/03\/imgp6364-768x514.jpg 768w\" sizes=\"auto, (max-width: 1200px) 100vw, 1200px\" \/><\/figure>\n\n\n\n<div class=\"wp-block-group has-global-padding is-layout-constrained wp-block-group-is-layout-constrained\">\n<p>SP32-096 z op\u00f3\u017anionym 45 minut poci\u0105giem osobowym 3313 z K\u0142odzka do Kudowy Zdroju zatrzymuje si\u0119 na przystanku w Kulinie K\u0142odzkim. 04.07.2009<\/p>\n<\/div>\n","protected":false},"excerpt":{"rendered":"<p>SP32-096 z op\u00f3\u017anionym 45 minut poci\u0105giem osobowym 3313 z K\u0142odzka do Kudowy Zdroju zatrzymuje si\u0119 na przystanku w Kulinie K\u0142odzkim. 04.07.2009<\/p>\n","protected":false},"author":1,"featured_media":13445,"comment_status":"open","ping_status":"","sticky":false,"template":"","format":"standard","meta":{"footnotes":""},"categories":[2,169],"tags":[1762,386,63,27,385,383],"class_list":["post-13444","post","type-post","status-publish","format-standard","has-post-thumbnail","hentry","category-kolej","category-rok-2009","tag-2009-07-04","tag-kulin-klodzki","tag-pkp","tag-polska","tag-sp32","tag-tab-pl230"],"_links":{"self":[{"href":"https:\/\/wgphoto.pl\/t\/index.php?rest_route=\/wp\/v2\/posts\/13444","targetHints":{"allow":["GET"]}}],"collection":[{"href":"https:\/\/wgphoto.pl\/t\/index.php?rest_route=\/wp\/v2\/posts"}],"about":[{"href":"https:\/\/wgphoto.pl\/t\/index.php?rest_route=\/wp\/v2\/types\/post"}],"author":[{"embeddable":true,"href":"https:\/\/wgphoto.pl\/t\/index.php?rest_route=\/wp\/v2\/users\/1"}],"replies":[{"embeddable":true,"href":"https:\/\/wgphoto.pl\/t\/index.php?rest_route=%2Fwp%2Fv2%2Fcomments&post=13444"}],"version-history":[{"count":1,"href":"https:\/\/wgphoto.pl\/t\/index.php?rest_route=\/wp\/v2\/posts\/13444\/revisions"}],"predecessor-version":[{"id":13446,"href":"https:\/\/wgphoto.pl\/t\/index.php?rest_route=\/wp\/v2\/posts\/13444\/revisions\/13446"}],"wp:featuredmedia":[{"embeddable":true,"href":"https:\/\/wgphoto.pl\/t\/index.php?rest_route=\/wp\/v2\/media\/13445"}],"wp:attachment":[{"href":"https:\/\/wgphoto.pl\/t\/index.php?rest_route=%2Fwp%2Fv2%2Fmedia&parent=13444"}],"wp:term":[{"taxonomy":"category","embeddable":true,"href":"https:\/\/wgphoto.pl\/t\/index.php?rest_route=%2Fwp%2Fv2%2Fcategories&post=13444"},{"taxonomy":"post_tag","embeddable":true,"href":"https:\/\/wgphoto.pl\/t\/index.php?rest_route=%2Fwp%2Fv2%2Ftags&post=13444"}],"curies":[{"name":"wp","href":"https:\/\/api.w.org\/{rel}","templated":true}]}}