{"id":13447,"date":"2025-03-02T21:23:02","date_gmt":"2025-03-02T20:23:02","guid":{"rendered":"https:\/\/wgphoto.pl\/t\/?p=13447"},"modified":"2025-03-02T21:23:02","modified_gmt":"2025-03-02T20:23:02","slug":"przerywacz","status":"publish","type":"post","link":"https:\/\/wgphoto.pl\/t\/?p=13447","title":{"rendered":"Przerywacz"},"content":{"rendered":"\n<figure class=\"wp-block-image aligncenter size-full\"><img loading=\"lazy\" decoding=\"async\" width=\"1024\" height=\"684\" src=\"https:\/\/wgphoto.pl\/t\/wp-content\/uploads\/2025\/03\/imgp2740.jpg\" alt=\"\" class=\"wp-image-13448\" srcset=\"https:\/\/wgphoto.pl\/t\/wp-content\/uploads\/2025\/03\/imgp2740.jpg 1024w, https:\/\/wgphoto.pl\/t\/wp-content\/uploads\/2025\/03\/imgp2740-300x200.jpg 300w, https:\/\/wgphoto.pl\/t\/wp-content\/uploads\/2025\/03\/imgp2740-768x513.jpg 768w\" sizes=\"auto, (max-width: 1024px) 100vw, 1024px\" \/><\/figure>\n\n\n\n<div class=\"wp-block-group has-global-padding is-layout-constrained wp-block-group-is-layout-constrained\">\n<p>Wroc\u0142aw, ul. Pilczycka. Po wyj\u015bciu z \u0142uku z ulicy Milenijnej z komputerowo ograniczon\u0105 pr\u0119dko\u015bci\u0105 tramwaje typu 19T nie s\u0105 w stanie rozp\u0119dzi\u0107 si\u0119 do 60 km\/h przed izolatorem sekcyjnym, kt\u00f3ry min\u0105\u0142 w\u0142a\u015bnie szkodnik 3129. Trzeba si\u0119 zatem &#8222;wyrzuci\u0107&#8221; przy 55 km\/h, by dopiero po chwili doci\u0105gn\u0105\u0107 do sze\u015b\u0107dziesi\u0105tki\u2026 M\u00f3g\u0142by to by\u0107 ca\u0142kiem sprytny &#8222;przypominacz&#8221;, \u017ce w mie\u015bcie nie nale\u017cy przekracza\u0107 50 km\/h (osobi\u015bcie bardzo cz\u0119sto tutaj mia\u0142em w\u0142a\u015bnie takie skojarzenie), ale nie wierz\u0119, \u017ce kto\u015b m\u00f3g\u0142by si\u0119 zastanawia\u0107 nad rozmieszczeniem przerywaczy my\u015bl\u0105c w takich kategoriach. 24.04.2013<\/p>\n<\/div>\n","protected":false},"excerpt":{"rendered":"<p>Wroc\u0142aw, ul. Pilczycka. Po wyj\u015bciu z \u0142uku z ulicy Milenijnej z komputerowo ograniczon\u0105 pr\u0119dko\u015bci\u0105 tramwaje typu 19T nie s\u0105 w stanie rozp\u0119dzi\u0107 si\u0119 do 60 km\/h przed izolatorem sekcyjnym, kt\u00f3ry min\u0105\u0142 w\u0142a\u015bnie szkodnik 3129. Trzeba si\u0119 zatem &#8222;wyrzuci\u0107&#8221; przy 55 km\/h, by dopiero po chwili doci\u0105gn\u0105\u0107 do sze\u015b\u0107dziesi\u0105tki\u2026 M\u00f3g\u0142by to by\u0107 ca\u0142kiem sprytny &#8222;przypominacz&#8221;, \u017ce [&hellip;]<\/p>\n","protected":false},"author":1,"featured_media":13448,"comment_status":"open","ping_status":"","sticky":false,"template":"","format":"standard","meta":{"footnotes":""},"categories":[55,3],"tags":[3333,173,42,27,1493,216,181,41],"class_list":["post-13447","post","type-post","status-publish","format-standard","has-post-thumbnail","hentry","category-rok-2013","category-tramwaj","tag-2013-04-24","tag-koncowki","tag-mpk-wroclaw","tag-polska","tag-skoda-19t","tag-skoda-elektra","tag-slonce","tag-wroclaw"],"_links":{"self":[{"href":"https:\/\/wgphoto.pl\/t\/index.php?rest_route=\/wp\/v2\/posts\/13447","targetHints":{"allow":["GET"]}}],"collection":[{"href":"https:\/\/wgphoto.pl\/t\/index.php?rest_route=\/wp\/v2\/posts"}],"about":[{"href":"https:\/\/wgphoto.pl\/t\/index.php?rest_route=\/wp\/v2\/types\/post"}],"author":[{"embeddable":true,"href":"https:\/\/wgphoto.pl\/t\/index.php?rest_route=\/wp\/v2\/users\/1"}],"replies":[{"embeddable":true,"href":"https:\/\/wgphoto.pl\/t\/index.php?rest_route=%2Fwp%2Fv2%2Fcomments&post=13447"}],"version-history":[{"count":1,"href":"https:\/\/wgphoto.pl\/t\/index.php?rest_route=\/wp\/v2\/posts\/13447\/revisions"}],"predecessor-version":[{"id":13449,"href":"https:\/\/wgphoto.pl\/t\/index.php?rest_route=\/wp\/v2\/posts\/13447\/revisions\/13449"}],"wp:featuredmedia":[{"embeddable":true,"href":"https:\/\/wgphoto.pl\/t\/index.php?rest_route=\/wp\/v2\/media\/13448"}],"wp:attachment":[{"href":"https:\/\/wgphoto.pl\/t\/index.php?rest_route=%2Fwp%2Fv2%2Fmedia&parent=13447"}],"wp:term":[{"taxonomy":"category","embeddable":true,"href":"https:\/\/wgphoto.pl\/t\/index.php?rest_route=%2Fwp%2Fv2%2Fcategories&post=13447"},{"taxonomy":"post_tag","embeddable":true,"href":"https:\/\/wgphoto.pl\/t\/index.php?rest_route=%2Fwp%2Fv2%2Ftags&post=13447"}],"curies":[{"name":"wp","href":"https:\/\/api.w.org\/{rel}","templated":true}]}}