{"id":13453,"date":"2025-03-02T21:25:47","date_gmt":"2025-03-02T20:25:47","guid":{"rendered":"https:\/\/wgphoto.pl\/t\/?p=13453"},"modified":"2025-03-02T21:25:47","modified_gmt":"2025-03-02T20:25:47","slug":"ciekawy-objazd","status":"publish","type":"post","link":"https:\/\/wgphoto.pl\/t\/?p=13453","title":{"rendered":"Ciekawy objazd"},"content":{"rendered":"\n<figure class=\"wp-block-image aligncenter size-full\"><img loading=\"lazy\" decoding=\"async\" width=\"1024\" height=\"683\" src=\"https:\/\/wgphoto.pl\/t\/wp-content\/uploads\/2025\/03\/imgp3440.jpg\" alt=\"\" class=\"wp-image-13454\" srcset=\"https:\/\/wgphoto.pl\/t\/wp-content\/uploads\/2025\/03\/imgp3440.jpg 1024w, https:\/\/wgphoto.pl\/t\/wp-content\/uploads\/2025\/03\/imgp3440-300x200.jpg 300w, https:\/\/wgphoto.pl\/t\/wp-content\/uploads\/2025\/03\/imgp3440-768x512.jpg 768w\" sizes=\"auto, (max-width: 1024px) 100vw, 1024px\" \/><\/figure>\n\n\n\n<div class=\"wp-block-group has-global-padding is-layout-constrained wp-block-group-is-layout-constrained\">\n<p>Wroc\u0142aw, ul. Sk\u0142odowskiej-Curie. Tramwaj plus powoli jedzie po jednej z najwi\u0119kszych ruin infrastrukturalnych w mie\u015bcie. Dora\u017any objazd by\u0142 spowodowany upadkiem drzewa na torowisko w pobli\u017cu p\u0119tli przy Stadionie Olimpijskim. 03.05.2013<\/p>\n<\/div>\n","protected":false},"excerpt":{"rendered":"<p>Wroc\u0142aw, ul. Sk\u0142odowskiej-Curie. Tramwaj plus powoli jedzie po jednej z najwi\u0119kszych ruin infrastrukturalnych w mie\u015bcie. Dora\u017any objazd by\u0142 spowodowany upadkiem drzewa na torowisko w pobli\u017cu p\u0119tli przy Stadionie Olimpijskim. 03.05.2013<\/p>\n","protected":false},"author":1,"featured_media":13454,"comment_status":"open","ping_status":"","sticky":false,"template":"","format":"standard","meta":{"footnotes":""},"categories":[55,3],"tags":[3334,13,45,42,27,1493,216,41],"class_list":["post-13453","post","type-post","status-publish","format-standard","has-post-thumbnail","hentry","category-rok-2013","category-tramwaj","tag-2013-05-03","tag-deszcz","tag-most","tag-mpk-wroclaw","tag-polska","tag-skoda-19t","tag-skoda-elektra","tag-wroclaw"],"_links":{"self":[{"href":"https:\/\/wgphoto.pl\/t\/index.php?rest_route=\/wp\/v2\/posts\/13453","targetHints":{"allow":["GET"]}}],"collection":[{"href":"https:\/\/wgphoto.pl\/t\/index.php?rest_route=\/wp\/v2\/posts"}],"about":[{"href":"https:\/\/wgphoto.pl\/t\/index.php?rest_route=\/wp\/v2\/types\/post"}],"author":[{"embeddable":true,"href":"https:\/\/wgphoto.pl\/t\/index.php?rest_route=\/wp\/v2\/users\/1"}],"replies":[{"embeddable":true,"href":"https:\/\/wgphoto.pl\/t\/index.php?rest_route=%2Fwp%2Fv2%2Fcomments&post=13453"}],"version-history":[{"count":1,"href":"https:\/\/wgphoto.pl\/t\/index.php?rest_route=\/wp\/v2\/posts\/13453\/revisions"}],"predecessor-version":[{"id":13455,"href":"https:\/\/wgphoto.pl\/t\/index.php?rest_route=\/wp\/v2\/posts\/13453\/revisions\/13455"}],"wp:featuredmedia":[{"embeddable":true,"href":"https:\/\/wgphoto.pl\/t\/index.php?rest_route=\/wp\/v2\/media\/13454"}],"wp:attachment":[{"href":"https:\/\/wgphoto.pl\/t\/index.php?rest_route=%2Fwp%2Fv2%2Fmedia&parent=13453"}],"wp:term":[{"taxonomy":"category","embeddable":true,"href":"https:\/\/wgphoto.pl\/t\/index.php?rest_route=%2Fwp%2Fv2%2Fcategories&post=13453"},{"taxonomy":"post_tag","embeddable":true,"href":"https:\/\/wgphoto.pl\/t\/index.php?rest_route=%2Fwp%2Fv2%2Ftags&post=13453"}],"curies":[{"name":"wp","href":"https:\/\/api.w.org\/{rel}","templated":true}]}}