{"id":1348,"date":"2024-10-03T17:07:24","date_gmt":"2024-10-03T15:07:24","guid":{"rendered":"https:\/\/wgphoto.pl\/t\/?p=1348"},"modified":"2024-10-03T17:07:24","modified_gmt":"2024-10-03T15:07:24","slug":"wiosenny-landszaft-z-pociagiem","status":"publish","type":"post","link":"https:\/\/wgphoto.pl\/t\/?p=1348","title":{"rendered":"Wiosenny landszaft z poci\u0105giem"},"content":{"rendered":"\n<figure class=\"wp-block-image aligncenter size-full\"><img loading=\"lazy\" decoding=\"async\" width=\"1200\" height=\"803\" src=\"https:\/\/wgphoto.pl\/t\/wp-content\/uploads\/2024\/10\/IMGP5585.jpg\" alt=\"\" class=\"wp-image-1349\" srcset=\"https:\/\/wgphoto.pl\/t\/wp-content\/uploads\/2024\/10\/IMGP5585.jpg 1200w, https:\/\/wgphoto.pl\/t\/wp-content\/uploads\/2024\/10\/IMGP5585-300x201.jpg 300w, https:\/\/wgphoto.pl\/t\/wp-content\/uploads\/2024\/10\/IMGP5585-768x514.jpg 768w\" sizes=\"auto, (max-width: 1200px) 100vw, 1200px\" \/><\/figure>\n\n\n\n<div class=\"wp-block-group has-global-padding is-layout-constrained wp-block-group-is-layout-constrained\">\n<p>EU07-164 wraz z dwoma bezpo\u015brednimi wagonami z Kudowy-Zdroju do Poznania, stanowi\u0105cymi zestawienie poci\u0105gu 6626 &#8222;Szklarka&#8221; rel. Kudowa-Zdr\u00f3j &#8211; Wroc\u0142aw G\u0142., pokonuje kolejne kilometry szlaku Starcz\u00f3w &#8211; Zi\u0119bice. 01.05.2009<\/p>\n<\/div>\n","protected":false},"excerpt":{"rendered":"<p>EU07-164 wraz z dwoma bezpo\u015brednimi wagonami z Kudowy-Zdroju do Poznania, stanowi\u0105cymi zestawienie poci\u0105gu 6626 &#8222;Szklarka&#8221; rel. Kudowa-Zdr\u00f3j &#8211; Wroc\u0142aw G\u0142., pokonuje kolejne kilometry szlaku Starcz\u00f3w &#8211; Zi\u0119bice. 01.05.2009<\/p>\n","protected":false},"author":1,"featured_media":1349,"comment_status":"open","ping_status":"","sticky":false,"template":"","format":"standard","meta":{"footnotes":""},"categories":[2,169],"tags":[648,122,113,63,27,650,653,383,294,654],"class_list":["post-1348","post","type-post","status-publish","format-standard","has-post-thumbnail","hentry","category-kolej","category-rok-2009","tag-2009-05-01","tag-eu07","tag-landszaft","tag-pkp","tag-polska","tag-rzepak","tag-starczow","tag-tab-pl230","tag-wiosna","tag-ziebice"],"_links":{"self":[{"href":"https:\/\/wgphoto.pl\/t\/index.php?rest_route=\/wp\/v2\/posts\/1348","targetHints":{"allow":["GET"]}}],"collection":[{"href":"https:\/\/wgphoto.pl\/t\/index.php?rest_route=\/wp\/v2\/posts"}],"about":[{"href":"https:\/\/wgphoto.pl\/t\/index.php?rest_route=\/wp\/v2\/types\/post"}],"author":[{"embeddable":true,"href":"https:\/\/wgphoto.pl\/t\/index.php?rest_route=\/wp\/v2\/users\/1"}],"replies":[{"embeddable":true,"href":"https:\/\/wgphoto.pl\/t\/index.php?rest_route=%2Fwp%2Fv2%2Fcomments&post=1348"}],"version-history":[{"count":1,"href":"https:\/\/wgphoto.pl\/t\/index.php?rest_route=\/wp\/v2\/posts\/1348\/revisions"}],"predecessor-version":[{"id":1350,"href":"https:\/\/wgphoto.pl\/t\/index.php?rest_route=\/wp\/v2\/posts\/1348\/revisions\/1350"}],"wp:featuredmedia":[{"embeddable":true,"href":"https:\/\/wgphoto.pl\/t\/index.php?rest_route=\/wp\/v2\/media\/1349"}],"wp:attachment":[{"href":"https:\/\/wgphoto.pl\/t\/index.php?rest_route=%2Fwp%2Fv2%2Fmedia&parent=1348"}],"wp:term":[{"taxonomy":"category","embeddable":true,"href":"https:\/\/wgphoto.pl\/t\/index.php?rest_route=%2Fwp%2Fv2%2Fcategories&post=1348"},{"taxonomy":"post_tag","embeddable":true,"href":"https:\/\/wgphoto.pl\/t\/index.php?rest_route=%2Fwp%2Fv2%2Ftags&post=1348"}],"curies":[{"name":"wp","href":"https:\/\/api.w.org\/{rel}","templated":true}]}}