{"id":13480,"date":"2025-03-03T21:08:09","date_gmt":"2025-03-03T20:08:09","guid":{"rendered":"https:\/\/wgphoto.pl\/t\/?p=13480"},"modified":"2025-03-03T21:08:09","modified_gmt":"2025-03-03T20:08:09","slug":"przestrzenny-siedmioczlon","status":"publish","type":"post","link":"https:\/\/wgphoto.pl\/t\/?p=13480","title":{"rendered":"Przestrzenny siedmiocz\u0142on"},"content":{"rendered":"\n<figure class=\"wp-block-image aligncenter size-full\"><img loading=\"lazy\" decoding=\"async\" width=\"1000\" height=\"667\" src=\"https:\/\/wgphoto.pl\/t\/wp-content\/uploads\/2025\/03\/imgp1381.jpg\" alt=\"\" class=\"wp-image-13481\" srcset=\"https:\/\/wgphoto.pl\/t\/wp-content\/uploads\/2025\/03\/imgp1381.jpg 1000w, https:\/\/wgphoto.pl\/t\/wp-content\/uploads\/2025\/03\/imgp1381-300x200.jpg 300w, https:\/\/wgphoto.pl\/t\/wp-content\/uploads\/2025\/03\/imgp1381-768x512.jpg 768w\" sizes=\"auto, (max-width: 1000px) 100vw, 1000px\" \/><\/figure>\n\n\n\n<div class=\"wp-block-group has-global-padding is-layout-constrained wp-block-group-is-layout-constrained\">\n<p>SachsenTram wyr\u00f3\u017cnia si\u0119 spo\u015br\u00f3d wielu konstrukcji tramwaj\u00f3w niskopod\u0142ogowych tym, \u017ce obudowy przegub\u00f3w nie dziel\u0105 wagonu na wyra\u017ane cz\u0142ony, co sprawia wra\u017cenie ogromnej przestrzeni. 29.12.2009<\/p>\n<\/div>\n","protected":false},"excerpt":{"rendered":"<p>SachsenTram wyr\u00f3\u017cnia si\u0119 spo\u015br\u00f3d wielu konstrukcji tramwaj\u00f3w niskopod\u0142ogowych tym, \u017ce obudowy przegub\u00f3w nie dziel\u0105 wagonu na wyra\u017ane cz\u0142ony, co sprawia wra\u017cenie ogromnej przestrzeni. 29.12.2009<\/p>\n","protected":false},"author":1,"featured_media":13481,"comment_status":"open","ping_status":"","sticky":false,"template":"","format":"standard","meta":{"footnotes":""},"categories":[220,169,3],"tags":[852,851,850,23,853,454],"class_list":["post-13480","post","type-post","status-publish","format-standard","has-post-thumbnail","hentry","category-blo","category-rok-2009","category-tramwaj","tag-2009-12-29","tag-drezno","tag-dvb-dresden","tag-niemcy","tag-sachsen-tram","tag-wnetrza-pojazdow"],"_links":{"self":[{"href":"https:\/\/wgphoto.pl\/t\/index.php?rest_route=\/wp\/v2\/posts\/13480","targetHints":{"allow":["GET"]}}],"collection":[{"href":"https:\/\/wgphoto.pl\/t\/index.php?rest_route=\/wp\/v2\/posts"}],"about":[{"href":"https:\/\/wgphoto.pl\/t\/index.php?rest_route=\/wp\/v2\/types\/post"}],"author":[{"embeddable":true,"href":"https:\/\/wgphoto.pl\/t\/index.php?rest_route=\/wp\/v2\/users\/1"}],"replies":[{"embeddable":true,"href":"https:\/\/wgphoto.pl\/t\/index.php?rest_route=%2Fwp%2Fv2%2Fcomments&post=13480"}],"version-history":[{"count":1,"href":"https:\/\/wgphoto.pl\/t\/index.php?rest_route=\/wp\/v2\/posts\/13480\/revisions"}],"predecessor-version":[{"id":13482,"href":"https:\/\/wgphoto.pl\/t\/index.php?rest_route=\/wp\/v2\/posts\/13480\/revisions\/13482"}],"wp:featuredmedia":[{"embeddable":true,"href":"https:\/\/wgphoto.pl\/t\/index.php?rest_route=\/wp\/v2\/media\/13481"}],"wp:attachment":[{"href":"https:\/\/wgphoto.pl\/t\/index.php?rest_route=%2Fwp%2Fv2%2Fmedia&parent=13480"}],"wp:term":[{"taxonomy":"category","embeddable":true,"href":"https:\/\/wgphoto.pl\/t\/index.php?rest_route=%2Fwp%2Fv2%2Fcategories&post=13480"},{"taxonomy":"post_tag","embeddable":true,"href":"https:\/\/wgphoto.pl\/t\/index.php?rest_route=%2Fwp%2Fv2%2Ftags&post=13480"}],"curies":[{"name":"wp","href":"https:\/\/api.w.org\/{rel}","templated":true}]}}