{"id":13483,"date":"2025-03-03T21:09:02","date_gmt":"2025-03-03T20:09:02","guid":{"rendered":"https:\/\/wgphoto.pl\/t\/?p=13483"},"modified":"2025-03-03T21:09:02","modified_gmt":"2025-03-03T20:09:02","slug":"przestrzenny-piecioczlon","status":"publish","type":"post","link":"https:\/\/wgphoto.pl\/t\/?p=13483","title":{"rendered":"Przestrzenny pi\u0119ciocz\u0142on"},"content":{"rendered":"\n<figure class=\"wp-block-image aligncenter size-full\"><img loading=\"lazy\" decoding=\"async\" width=\"1000\" height=\"669\" src=\"https:\/\/wgphoto.pl\/t\/wp-content\/uploads\/2025\/03\/imgp1441.jpg\" alt=\"\" class=\"wp-image-13484\" srcset=\"https:\/\/wgphoto.pl\/t\/wp-content\/uploads\/2025\/03\/imgp1441.jpg 1000w, https:\/\/wgphoto.pl\/t\/wp-content\/uploads\/2025\/03\/imgp1441-300x201.jpg 300w, https:\/\/wgphoto.pl\/t\/wp-content\/uploads\/2025\/03\/imgp1441-768x514.jpg 768w\" sizes=\"auto, (max-width: 1000px) 100vw, 1000px\" \/><\/figure>\n\n\n\n<div class=\"wp-block-group has-global-padding is-layout-constrained wp-block-group-is-layout-constrained\">\n<p>SachsenTram wyr\u00f3\u017cnia si\u0119 spo\u015br\u00f3d wielu konstrukcji tramwaj\u00f3w niskopod\u0142ogowych tym, \u017ce obudowy przegub\u00f3w nie dziel\u0105 wagonu na wyra\u017ane cz\u0142ony, co sprawia wra\u017cenie ogromnej przestrzeni. 30.12.2009<\/p>\n<\/div>\n","protected":false},"excerpt":{"rendered":"<p>SachsenTram wyr\u00f3\u017cnia si\u0119 spo\u015br\u00f3d wielu konstrukcji tramwaj\u00f3w niskopod\u0142ogowych tym, \u017ce obudowy przegub\u00f3w nie dziel\u0105 wagonu na wyra\u017ane cz\u0142ony, co sprawia wra\u017cenie ogromnej przestrzeni. 30.12.2009<\/p>\n","protected":false},"author":1,"featured_media":13484,"comment_status":"open","ping_status":"","sticky":false,"template":"","format":"standard","meta":{"footnotes":""},"categories":[220,169,3],"tags":[3335,851,850,23,853,454],"class_list":["post-13483","post","type-post","status-publish","format-standard","has-post-thumbnail","hentry","category-blo","category-rok-2009","category-tramwaj","tag-2009-12-30","tag-drezno","tag-dvb-dresden","tag-niemcy","tag-sachsen-tram","tag-wnetrza-pojazdow"],"_links":{"self":[{"href":"https:\/\/wgphoto.pl\/t\/index.php?rest_route=\/wp\/v2\/posts\/13483","targetHints":{"allow":["GET"]}}],"collection":[{"href":"https:\/\/wgphoto.pl\/t\/index.php?rest_route=\/wp\/v2\/posts"}],"about":[{"href":"https:\/\/wgphoto.pl\/t\/index.php?rest_route=\/wp\/v2\/types\/post"}],"author":[{"embeddable":true,"href":"https:\/\/wgphoto.pl\/t\/index.php?rest_route=\/wp\/v2\/users\/1"}],"replies":[{"embeddable":true,"href":"https:\/\/wgphoto.pl\/t\/index.php?rest_route=%2Fwp%2Fv2%2Fcomments&post=13483"}],"version-history":[{"count":1,"href":"https:\/\/wgphoto.pl\/t\/index.php?rest_route=\/wp\/v2\/posts\/13483\/revisions"}],"predecessor-version":[{"id":13485,"href":"https:\/\/wgphoto.pl\/t\/index.php?rest_route=\/wp\/v2\/posts\/13483\/revisions\/13485"}],"wp:featuredmedia":[{"embeddable":true,"href":"https:\/\/wgphoto.pl\/t\/index.php?rest_route=\/wp\/v2\/media\/13484"}],"wp:attachment":[{"href":"https:\/\/wgphoto.pl\/t\/index.php?rest_route=%2Fwp%2Fv2%2Fmedia&parent=13483"}],"wp:term":[{"taxonomy":"category","embeddable":true,"href":"https:\/\/wgphoto.pl\/t\/index.php?rest_route=%2Fwp%2Fv2%2Fcategories&post=13483"},{"taxonomy":"post_tag","embeddable":true,"href":"https:\/\/wgphoto.pl\/t\/index.php?rest_route=%2Fwp%2Fv2%2Ftags&post=13483"}],"curies":[{"name":"wp","href":"https:\/\/api.w.org\/{rel}","templated":true}]}}