{"id":13489,"date":"2025-03-03T21:10:55","date_gmt":"2025-03-03T20:10:55","guid":{"rendered":"https:\/\/wgphoto.pl\/t\/?p=13489"},"modified":"2025-03-03T21:10:55","modified_gmt":"2025-03-03T20:10:55","slug":"gustowny-kolor","status":"publish","type":"post","link":"https:\/\/wgphoto.pl\/t\/?p=13489","title":{"rendered":"Gustowny kolor"},"content":{"rendered":"\n<figure class=\"wp-block-image aligncenter size-full\"><img loading=\"lazy\" decoding=\"async\" width=\"600\" height=\"850\" src=\"https:\/\/wgphoto.pl\/t\/wp-content\/uploads\/2025\/03\/imgp0804.jpg\" alt=\"\" class=\"wp-image-13490\" srcset=\"https:\/\/wgphoto.pl\/t\/wp-content\/uploads\/2025\/03\/imgp0804.jpg 600w, https:\/\/wgphoto.pl\/t\/wp-content\/uploads\/2025\/03\/imgp0804-212x300.jpg 212w\" sizes=\"auto, (max-width: 600px) 100vw, 600px\" \/><\/figure>\n\n\n\n<div class=\"wp-block-group has-global-padding is-layout-constrained wp-block-group-is-layout-constrained\">\n<p>\u0141ososiowy nie nale\u017cy raczej do moich ulubionych kolor\u00f3w. Warto zwr\u00f3ci\u0107 uwag\u0119 na siedzenia, podobne konstrukcyjnie do znanych ze stodw\u00f3jek. 21.05.2011<\/p>\n<\/div>\n","protected":false},"excerpt":{"rendered":"<p>\u0141ososiowy nie nale\u017cy raczej do moich ulubionych kolor\u00f3w. Warto zwr\u00f3ci\u0107 uwag\u0119 na siedzenia, podobne konstrukcyjnie do znanych ze stodw\u00f3jek. 21.05.2011<\/p>\n","protected":false},"author":1,"featured_media":13490,"comment_status":"open","ping_status":"","sticky":false,"template":"","format":"standard","meta":{"footnotes":""},"categories":[220,128,77,3],"tags":[1116,1115,101,78,1117,454],"class_list":["post-13489","post","type-post","status-publish","format-standard","has-post-thumbnail","hentry","category-blo","category-pionowe","category-rok-2011","category-tramwaj","tag-2011-05-21","tag-grakallbanen","tag-gt6","tag-norwegia","tag-trondheim","tag-wnetrza-pojazdow"],"_links":{"self":[{"href":"https:\/\/wgphoto.pl\/t\/index.php?rest_route=\/wp\/v2\/posts\/13489","targetHints":{"allow":["GET"]}}],"collection":[{"href":"https:\/\/wgphoto.pl\/t\/index.php?rest_route=\/wp\/v2\/posts"}],"about":[{"href":"https:\/\/wgphoto.pl\/t\/index.php?rest_route=\/wp\/v2\/types\/post"}],"author":[{"embeddable":true,"href":"https:\/\/wgphoto.pl\/t\/index.php?rest_route=\/wp\/v2\/users\/1"}],"replies":[{"embeddable":true,"href":"https:\/\/wgphoto.pl\/t\/index.php?rest_route=%2Fwp%2Fv2%2Fcomments&post=13489"}],"version-history":[{"count":1,"href":"https:\/\/wgphoto.pl\/t\/index.php?rest_route=\/wp\/v2\/posts\/13489\/revisions"}],"predecessor-version":[{"id":13491,"href":"https:\/\/wgphoto.pl\/t\/index.php?rest_route=\/wp\/v2\/posts\/13489\/revisions\/13491"}],"wp:featuredmedia":[{"embeddable":true,"href":"https:\/\/wgphoto.pl\/t\/index.php?rest_route=\/wp\/v2\/media\/13490"}],"wp:attachment":[{"href":"https:\/\/wgphoto.pl\/t\/index.php?rest_route=%2Fwp%2Fv2%2Fmedia&parent=13489"}],"wp:term":[{"taxonomy":"category","embeddable":true,"href":"https:\/\/wgphoto.pl\/t\/index.php?rest_route=%2Fwp%2Fv2%2Fcategories&post=13489"},{"taxonomy":"post_tag","embeddable":true,"href":"https:\/\/wgphoto.pl\/t\/index.php?rest_route=%2Fwp%2Fv2%2Ftags&post=13489"}],"curies":[{"name":"wp","href":"https:\/\/api.w.org\/{rel}","templated":true}]}}