{"id":13492,"date":"2025-03-03T21:11:55","date_gmt":"2025-03-03T20:11:55","guid":{"rendered":"https:\/\/wgphoto.pl\/t\/?p=13492"},"modified":"2025-03-03T21:11:55","modified_gmt":"2025-03-03T20:11:55","slug":"podmiejski","status":"publish","type":"post","link":"https:\/\/wgphoto.pl\/t\/?p=13492","title":{"rendered":"Podmiejski"},"content":{"rendered":"\n<figure class=\"wp-block-image aligncenter size-full\"><img loading=\"lazy\" decoding=\"async\" width=\"1000\" height=\"669\" src=\"https:\/\/wgphoto.pl\/t\/wp-content\/uploads\/2025\/03\/imgp7008-12.jpg\" alt=\"\" class=\"wp-image-13493\" srcset=\"https:\/\/wgphoto.pl\/t\/wp-content\/uploads\/2025\/03\/imgp7008-12.jpg 1000w, https:\/\/wgphoto.pl\/t\/wp-content\/uploads\/2025\/03\/imgp7008-12-300x201.jpg 300w, https:\/\/wgphoto.pl\/t\/wp-content\/uploads\/2025\/03\/imgp7008-12-768x514.jpg 768w\" sizes=\"auto, (max-width: 1000px) 100vw, 1000px\" \/><\/figure>\n\n\n\n<div class=\"wp-block-group has-global-padding is-layout-constrained wp-block-group-is-layout-constrained\">\n<p>Drzwi harmonijkowe, podobnie jak stopnie wej\u015bciowe, otwieraj\u0105 si\u0119 na zewn\u0105trz. Dlatego rzeczone drzwi sprawiaj\u0105 wra\u017cenie jakby si\u0119 ko\u0144czy\u0142y w po\u0142owie swej wysoko\u015bci. 21.03.2012<\/p>\n<\/div>\n","protected":false},"excerpt":{"rendered":"<p>Drzwi harmonijkowe, podobnie jak stopnie wej\u015bciowe, otwieraj\u0105 si\u0119 na zewn\u0105trz. Dlatego rzeczone drzwi sprawiaj\u0105 wra\u017cenie jakby si\u0119 ko\u0144czy\u0142y w po\u0142owie swej wysoko\u015bci. 21.03.2012<\/p>\n","protected":false},"author":1,"featured_media":13493,"comment_status":"open","ping_status":"","sticky":false,"template":"","format":"standard","meta":{"footnotes":""},"categories":[220,2,46],"tags":[527,1029,3336,1031,110,454],"class_list":["post-13492","post","type-post","status-publish","format-standard","has-post-thumbnail","hentry","category-blo","category-kolej","category-rok-2012","tag-2012-03-21","tag-atac-roma","tag-ferrovie-roma-viterbo","tag-rzym","tag-wlochy","tag-wnetrza-pojazdow"],"_links":{"self":[{"href":"https:\/\/wgphoto.pl\/t\/index.php?rest_route=\/wp\/v2\/posts\/13492","targetHints":{"allow":["GET"]}}],"collection":[{"href":"https:\/\/wgphoto.pl\/t\/index.php?rest_route=\/wp\/v2\/posts"}],"about":[{"href":"https:\/\/wgphoto.pl\/t\/index.php?rest_route=\/wp\/v2\/types\/post"}],"author":[{"embeddable":true,"href":"https:\/\/wgphoto.pl\/t\/index.php?rest_route=\/wp\/v2\/users\/1"}],"replies":[{"embeddable":true,"href":"https:\/\/wgphoto.pl\/t\/index.php?rest_route=%2Fwp%2Fv2%2Fcomments&post=13492"}],"version-history":[{"count":1,"href":"https:\/\/wgphoto.pl\/t\/index.php?rest_route=\/wp\/v2\/posts\/13492\/revisions"}],"predecessor-version":[{"id":13494,"href":"https:\/\/wgphoto.pl\/t\/index.php?rest_route=\/wp\/v2\/posts\/13492\/revisions\/13494"}],"wp:featuredmedia":[{"embeddable":true,"href":"https:\/\/wgphoto.pl\/t\/index.php?rest_route=\/wp\/v2\/media\/13493"}],"wp:attachment":[{"href":"https:\/\/wgphoto.pl\/t\/index.php?rest_route=%2Fwp%2Fv2%2Fmedia&parent=13492"}],"wp:term":[{"taxonomy":"category","embeddable":true,"href":"https:\/\/wgphoto.pl\/t\/index.php?rest_route=%2Fwp%2Fv2%2Fcategories&post=13492"},{"taxonomy":"post_tag","embeddable":true,"href":"https:\/\/wgphoto.pl\/t\/index.php?rest_route=%2Fwp%2Fv2%2Ftags&post=13492"}],"curies":[{"name":"wp","href":"https:\/\/api.w.org\/{rel}","templated":true}]}}