{"id":13495,"date":"2025-03-03T21:12:51","date_gmt":"2025-03-03T20:12:51","guid":{"rendered":"https:\/\/wgphoto.pl\/t\/?p=13495"},"modified":"2025-03-03T21:12:51","modified_gmt":"2025-03-03T20:12:51","slug":"tutaj-stoimy-bokiem","status":"publish","type":"post","link":"https:\/\/wgphoto.pl\/t\/?p=13495","title":{"rendered":"Tutaj stoimy bokiem"},"content":{"rendered":"\n<figure class=\"wp-block-image aligncenter size-full\"><img loading=\"lazy\" decoding=\"async\" width=\"1000\" height=\"668\" src=\"https:\/\/wgphoto.pl\/t\/wp-content\/uploads\/2025\/03\/imgp7068.jpg\" alt=\"\" class=\"wp-image-13496\" srcset=\"https:\/\/wgphoto.pl\/t\/wp-content\/uploads\/2025\/03\/imgp7068.jpg 1000w, https:\/\/wgphoto.pl\/t\/wp-content\/uploads\/2025\/03\/imgp7068-300x200.jpg 300w, https:\/\/wgphoto.pl\/t\/wp-content\/uploads\/2025\/03\/imgp7068-768x513.jpg 768w\" sizes=\"auto, (max-width: 1000px) 100vw, 1000px\" \/><\/figure>\n\n\n\n<div class=\"wp-block-group has-global-padding is-layout-constrained wp-block-group-is-layout-constrained\">\n<p>W rzymskim niskopod\u0142ogowcu, w cz\u0142onie opartym na nap\u0119dowym w\u00f3zku, podobnie jak w skodach z serii Elektra miejsca dla pasa\u017cer\u00f3w s\u0105 umieszczone bokiem. Tyle \u017ce tutaj s\u0105 one stoj\u0105ce. 21.03.2012<\/p>\n<\/div>\n","protected":false},"excerpt":{"rendered":"<p>W rzymskim niskopod\u0142ogowcu, w cz\u0142onie opartym na nap\u0119dowym w\u00f3zku, podobnie jak w skodach z serii Elektra miejsca dla pasa\u017cer\u00f3w s\u0105 umieszczone bokiem. Tyle \u017ce tutaj s\u0105 one stoj\u0105ce. 21.03.2012<\/p>\n","protected":false},"author":1,"featured_media":13496,"comment_status":"open","ping_status":"","sticky":false,"template":"","format":"standard","meta":{"footnotes":""},"categories":[220,46,3],"tags":[527,1029,1031,110,454],"class_list":["post-13495","post","type-post","status-publish","format-standard","has-post-thumbnail","hentry","category-blo","category-rok-2012","category-tramwaj","tag-2012-03-21","tag-atac-roma","tag-rzym","tag-wlochy","tag-wnetrza-pojazdow"],"_links":{"self":[{"href":"https:\/\/wgphoto.pl\/t\/index.php?rest_route=\/wp\/v2\/posts\/13495","targetHints":{"allow":["GET"]}}],"collection":[{"href":"https:\/\/wgphoto.pl\/t\/index.php?rest_route=\/wp\/v2\/posts"}],"about":[{"href":"https:\/\/wgphoto.pl\/t\/index.php?rest_route=\/wp\/v2\/types\/post"}],"author":[{"embeddable":true,"href":"https:\/\/wgphoto.pl\/t\/index.php?rest_route=\/wp\/v2\/users\/1"}],"replies":[{"embeddable":true,"href":"https:\/\/wgphoto.pl\/t\/index.php?rest_route=%2Fwp%2Fv2%2Fcomments&post=13495"}],"version-history":[{"count":1,"href":"https:\/\/wgphoto.pl\/t\/index.php?rest_route=\/wp\/v2\/posts\/13495\/revisions"}],"predecessor-version":[{"id":13497,"href":"https:\/\/wgphoto.pl\/t\/index.php?rest_route=\/wp\/v2\/posts\/13495\/revisions\/13497"}],"wp:featuredmedia":[{"embeddable":true,"href":"https:\/\/wgphoto.pl\/t\/index.php?rest_route=\/wp\/v2\/media\/13496"}],"wp:attachment":[{"href":"https:\/\/wgphoto.pl\/t\/index.php?rest_route=%2Fwp%2Fv2%2Fmedia&parent=13495"}],"wp:term":[{"taxonomy":"category","embeddable":true,"href":"https:\/\/wgphoto.pl\/t\/index.php?rest_route=%2Fwp%2Fv2%2Fcategories&post=13495"},{"taxonomy":"post_tag","embeddable":true,"href":"https:\/\/wgphoto.pl\/t\/index.php?rest_route=%2Fwp%2Fv2%2Ftags&post=13495"}],"curies":[{"name":"wp","href":"https:\/\/api.w.org\/{rel}","templated":true}]}}