{"id":13498,"date":"2025-03-03T21:13:43","date_gmt":"2025-03-03T20:13:43","guid":{"rendered":"https:\/\/wgphoto.pl\/t\/?p=13498"},"modified":"2025-03-03T21:13:43","modified_gmt":"2025-03-03T20:13:43","slug":"stary-ale-jary","status":"publish","type":"post","link":"https:\/\/wgphoto.pl\/t\/?p=13498","title":{"rendered":"Stary ale jary"},"content":{"rendered":"\n<figure class=\"wp-block-image aligncenter size-full\"><img loading=\"lazy\" decoding=\"async\" width=\"1200\" height=\"803\" src=\"https:\/\/wgphoto.pl\/t\/wp-content\/uploads\/2025\/03\/imgp6803.jpg\" alt=\"\" class=\"wp-image-13499\" srcset=\"https:\/\/wgphoto.pl\/t\/wp-content\/uploads\/2025\/03\/imgp6803.jpg 1200w, https:\/\/wgphoto.pl\/t\/wp-content\/uploads\/2025\/03\/imgp6803-300x201.jpg 300w, https:\/\/wgphoto.pl\/t\/wp-content\/uploads\/2025\/03\/imgp6803-768x514.jpg 768w\" sizes=\"auto, (max-width: 1200px) 100vw, 1200px\" \/><\/figure>\n\n\n\n<div class=\"wp-block-group has-global-padding is-layout-constrained wp-block-group-is-layout-constrained\">\n<p>Wn\u0119trze tramwaju jest niemal nieska\u017cone nowoczesno\u015bci\u0105. Mo\u017cna by\u0142o te\u017c spotka\u0107 wagon z drewnian\u0105 pod\u0142og\u0105. Boazeria, skajowe, mi\u0119kkie fotele, stylowe okucia oraz p\u0119k go\u0142ych \u017car\u00f3wek pod sufitem robi\u0105 jednak klimat. 02.09.2010<\/p>\n<\/div>\n","protected":false},"excerpt":{"rendered":"<p>Wn\u0119trze tramwaju jest niemal nieska\u017cone nowoczesno\u015bci\u0105. Mo\u017cna by\u0142o te\u017c spotka\u0107 wagon z drewnian\u0105 pod\u0142og\u0105. Boazeria, skajowe, mi\u0119kkie fotele, stylowe okucia oraz p\u0119k go\u0142ych \u017car\u00f3wek pod sufitem robi\u0105 jednak klimat. 02.09.2010<\/p>\n","protected":false},"author":1,"featured_media":13499,"comment_status":"open","ping_status":"","sticky":false,"template":"","format":"standard","meta":{"footnotes":""},"categories":[220,86,3],"tags":[1198,1197,503,297,1196,454],"class_list":["post-13498","post","type-post","status-publish","format-standard","has-post-thumbnail","hentry","category-blo","category-rok-2010","category-tramwaj","tag-2010-09-02","tag-brill-28","tag-porto","tag-portugalia","tag-stcp-porto","tag-wnetrza-pojazdow"],"_links":{"self":[{"href":"https:\/\/wgphoto.pl\/t\/index.php?rest_route=\/wp\/v2\/posts\/13498","targetHints":{"allow":["GET"]}}],"collection":[{"href":"https:\/\/wgphoto.pl\/t\/index.php?rest_route=\/wp\/v2\/posts"}],"about":[{"href":"https:\/\/wgphoto.pl\/t\/index.php?rest_route=\/wp\/v2\/types\/post"}],"author":[{"embeddable":true,"href":"https:\/\/wgphoto.pl\/t\/index.php?rest_route=\/wp\/v2\/users\/1"}],"replies":[{"embeddable":true,"href":"https:\/\/wgphoto.pl\/t\/index.php?rest_route=%2Fwp%2Fv2%2Fcomments&post=13498"}],"version-history":[{"count":1,"href":"https:\/\/wgphoto.pl\/t\/index.php?rest_route=\/wp\/v2\/posts\/13498\/revisions"}],"predecessor-version":[{"id":13500,"href":"https:\/\/wgphoto.pl\/t\/index.php?rest_route=\/wp\/v2\/posts\/13498\/revisions\/13500"}],"wp:featuredmedia":[{"embeddable":true,"href":"https:\/\/wgphoto.pl\/t\/index.php?rest_route=\/wp\/v2\/media\/13499"}],"wp:attachment":[{"href":"https:\/\/wgphoto.pl\/t\/index.php?rest_route=%2Fwp%2Fv2%2Fmedia&parent=13498"}],"wp:term":[{"taxonomy":"category","embeddable":true,"href":"https:\/\/wgphoto.pl\/t\/index.php?rest_route=%2Fwp%2Fv2%2Fcategories&post=13498"},{"taxonomy":"post_tag","embeddable":true,"href":"https:\/\/wgphoto.pl\/t\/index.php?rest_route=%2Fwp%2Fv2%2Ftags&post=13498"}],"curies":[{"name":"wp","href":"https:\/\/api.w.org\/{rel}","templated":true}]}}