{"id":13510,"date":"2025-03-03T21:18:01","date_gmt":"2025-03-03T20:18:01","guid":{"rendered":"https:\/\/wgphoto.pl\/t\/?p=13510"},"modified":"2025-08-09T13:10:30","modified_gmt":"2025-08-09T11:10:30","slug":"wloskie-wzornictwo-ii","status":"publish","type":"post","link":"https:\/\/wgphoto.pl\/t\/?p=13510","title":{"rendered":"W\u0142oskie wzornictwo II"},"content":{"rendered":"\n<figure class=\"wp-block-image aligncenter size-full\"><img loading=\"lazy\" decoding=\"async\" width=\"700\" height=\"1045\" src=\"https:\/\/wgphoto.pl\/t\/wp-content\/uploads\/2025\/03\/imgp7358.jpg\" alt=\"\" class=\"wp-image-13511\" srcset=\"https:\/\/wgphoto.pl\/t\/wp-content\/uploads\/2025\/03\/imgp7358.jpg 700w, https:\/\/wgphoto.pl\/t\/wp-content\/uploads\/2025\/03\/imgp7358-201x300.jpg 201w\" sizes=\"auto, (max-width: 700px) 100vw, 700px\" \/><\/figure>\n\n\n\n<div class=\"wp-block-group has-global-padding is-layout-constrained wp-block-group-is-layout-constrained\">\n<p>Twarde fotele z czarnego tworzywa z niebieskimi, mi\u0119kkimi poduszkami. Kolorystyka wn\u0119trza oraz motywy na \u015bcianach s\u0105 conajmniej ciekawe. \ud83d\ude42 2012-03-23<\/p>\n<\/div>\n","protected":false},"excerpt":{"rendered":"<p>Twarde fotele z czarnego tworzywa z niebieskimi, mi\u0119kkimi poduszkami. Kolorystyka wn\u0119trza oraz motywy na \u015bcianach s\u0105 conajmniej ciekawe. \ud83d\ude42 2012-03-23<\/p>\n","protected":false},"author":1,"featured_media":13511,"comment_status":"open","ping_status":"","sticky":false,"template":"","format":"standard","meta":{"footnotes":""},"categories":[220,2,128,46],"tags":[1692,4462,112,1691,110,454],"class_list":["post-13510","post","type-post","status-publish","format-standard","has-post-thumbnail","hentry","category-blo","category-kolej","category-pionowe","category-rok-2012","tag-2012-03-23","tag-aln668","tag-fs","tag-sardynia","tag-wlochy","tag-wnetrza-pojazdow"],"_links":{"self":[{"href":"https:\/\/wgphoto.pl\/t\/index.php?rest_route=\/wp\/v2\/posts\/13510","targetHints":{"allow":["GET"]}}],"collection":[{"href":"https:\/\/wgphoto.pl\/t\/index.php?rest_route=\/wp\/v2\/posts"}],"about":[{"href":"https:\/\/wgphoto.pl\/t\/index.php?rest_route=\/wp\/v2\/types\/post"}],"author":[{"embeddable":true,"href":"https:\/\/wgphoto.pl\/t\/index.php?rest_route=\/wp\/v2\/users\/1"}],"replies":[{"embeddable":true,"href":"https:\/\/wgphoto.pl\/t\/index.php?rest_route=%2Fwp%2Fv2%2Fcomments&post=13510"}],"version-history":[{"count":1,"href":"https:\/\/wgphoto.pl\/t\/index.php?rest_route=\/wp\/v2\/posts\/13510\/revisions"}],"predecessor-version":[{"id":13512,"href":"https:\/\/wgphoto.pl\/t\/index.php?rest_route=\/wp\/v2\/posts\/13510\/revisions\/13512"}],"wp:featuredmedia":[{"embeddable":true,"href":"https:\/\/wgphoto.pl\/t\/index.php?rest_route=\/wp\/v2\/media\/13511"}],"wp:attachment":[{"href":"https:\/\/wgphoto.pl\/t\/index.php?rest_route=%2Fwp%2Fv2%2Fmedia&parent=13510"}],"wp:term":[{"taxonomy":"category","embeddable":true,"href":"https:\/\/wgphoto.pl\/t\/index.php?rest_route=%2Fwp%2Fv2%2Fcategories&post=13510"},{"taxonomy":"post_tag","embeddable":true,"href":"https:\/\/wgphoto.pl\/t\/index.php?rest_route=%2Fwp%2Fv2%2Ftags&post=13510"}],"curies":[{"name":"wp","href":"https:\/\/api.w.org\/{rel}","templated":true}]}}