{"id":13513,"date":"2025-03-03T21:18:55","date_gmt":"2025-03-03T20:18:55","guid":{"rendered":"https:\/\/wgphoto.pl\/t\/?p=13513"},"modified":"2025-08-09T13:10:41","modified_gmt":"2025-08-09T11:10:41","slug":"1-klasa-2-klasa","status":"publish","type":"post","link":"https:\/\/wgphoto.pl\/t\/?p=13513","title":{"rendered":"1 klasa \\ 2 klasa"},"content":{"rendered":"\n<figure class=\"wp-block-image aligncenter size-full\"><img loading=\"lazy\" decoding=\"async\" width=\"1300\" height=\"870\" src=\"https:\/\/wgphoto.pl\/t\/wp-content\/uploads\/2025\/03\/imgp7385.jpg\" alt=\"\" class=\"wp-image-13514\" srcset=\"https:\/\/wgphoto.pl\/t\/wp-content\/uploads\/2025\/03\/imgp7385.jpg 1300w, https:\/\/wgphoto.pl\/t\/wp-content\/uploads\/2025\/03\/imgp7385-300x201.jpg 300w, https:\/\/wgphoto.pl\/t\/wp-content\/uploads\/2025\/03\/imgp7385-768x514.jpg 768w\" sizes=\"auto, (max-width: 1300px) 100vw, 1300px\" \/><\/figure>\n\n\n\n<div class=\"wp-block-group has-global-padding is-layout-constrained wp-block-group-is-layout-constrained\">\n<p>&#8222;Czw\u00f3rka&#8221; po lewej stanowi 50% miejsc pierwszej klasy w tym wagonie motorowym. R\u00f3\u017cnic w standardzie wzgl\u0119dem klasy drugiej nie zauwa\u017cy\u0142em. 2012-03-23<\/p>\n<\/div>\n","protected":false},"excerpt":{"rendered":"<p>&#8222;Czw\u00f3rka&#8221; po lewej stanowi 50% miejsc pierwszej klasy w tym wagonie motorowym. R\u00f3\u017cnic w standardzie wzgl\u0119dem klasy drugiej nie zauwa\u017cy\u0142em. 2012-03-23<\/p>\n","protected":false},"author":1,"featured_media":13514,"comment_status":"open","ping_status":"","sticky":false,"template":"","format":"standard","meta":{"footnotes":""},"categories":[220,2,46],"tags":[1692,4462,112,1691,110,454],"class_list":["post-13513","post","type-post","status-publish","format-standard","has-post-thumbnail","hentry","category-blo","category-kolej","category-rok-2012","tag-2012-03-23","tag-aln668","tag-fs","tag-sardynia","tag-wlochy","tag-wnetrza-pojazdow"],"_links":{"self":[{"href":"https:\/\/wgphoto.pl\/t\/index.php?rest_route=\/wp\/v2\/posts\/13513","targetHints":{"allow":["GET"]}}],"collection":[{"href":"https:\/\/wgphoto.pl\/t\/index.php?rest_route=\/wp\/v2\/posts"}],"about":[{"href":"https:\/\/wgphoto.pl\/t\/index.php?rest_route=\/wp\/v2\/types\/post"}],"author":[{"embeddable":true,"href":"https:\/\/wgphoto.pl\/t\/index.php?rest_route=\/wp\/v2\/users\/1"}],"replies":[{"embeddable":true,"href":"https:\/\/wgphoto.pl\/t\/index.php?rest_route=%2Fwp%2Fv2%2Fcomments&post=13513"}],"version-history":[{"count":1,"href":"https:\/\/wgphoto.pl\/t\/index.php?rest_route=\/wp\/v2\/posts\/13513\/revisions"}],"predecessor-version":[{"id":13515,"href":"https:\/\/wgphoto.pl\/t\/index.php?rest_route=\/wp\/v2\/posts\/13513\/revisions\/13515"}],"wp:featuredmedia":[{"embeddable":true,"href":"https:\/\/wgphoto.pl\/t\/index.php?rest_route=\/wp\/v2\/media\/13514"}],"wp:attachment":[{"href":"https:\/\/wgphoto.pl\/t\/index.php?rest_route=%2Fwp%2Fv2%2Fmedia&parent=13513"}],"wp:term":[{"taxonomy":"category","embeddable":true,"href":"https:\/\/wgphoto.pl\/t\/index.php?rest_route=%2Fwp%2Fv2%2Fcategories&post=13513"},{"taxonomy":"post_tag","embeddable":true,"href":"https:\/\/wgphoto.pl\/t\/index.php?rest_route=%2Fwp%2Fv2%2Ftags&post=13513"}],"curies":[{"name":"wp","href":"https:\/\/api.w.org\/{rel}","templated":true}]}}