{"id":13549,"date":"2025-03-04T17:30:18","date_gmt":"2025-03-04T16:30:18","guid":{"rendered":"https:\/\/wgphoto.pl\/t\/?p=13549"},"modified":"2025-03-04T17:30:18","modified_gmt":"2025-03-04T16:30:18","slug":"dalekobiezny-kibelek","status":"publish","type":"post","link":"https:\/\/wgphoto.pl\/t\/?p=13549","title":{"rendered":"Dalekobie\u017cny kibelek"},"content":{"rendered":"\n<figure class=\"wp-block-image aligncenter size-full\"><img loading=\"lazy\" decoding=\"async\" width=\"1300\" height=\"862\" src=\"https:\/\/wgphoto.pl\/t\/wp-content\/uploads\/2025\/03\/0320-33.jpg\" alt=\"\" class=\"wp-image-13550\" srcset=\"https:\/\/wgphoto.pl\/t\/wp-content\/uploads\/2025\/03\/0320-33.jpg 1300w, https:\/\/wgphoto.pl\/t\/wp-content\/uploads\/2025\/03\/0320-33-300x199.jpg 300w, https:\/\/wgphoto.pl\/t\/wp-content\/uploads\/2025\/03\/0320-33-768x509.jpg 768w\" sizes=\"auto, (max-width: 1300px) 100vw, 1300px\" \/><\/figure>\n\n\n\n<div class=\"wp-block-group has-global-padding is-layout-constrained wp-block-group-is-layout-constrained\">\n<p>Zestaw EN57-1590(?)+1486 jako poci\u0105g nr 253 kategorii RegioPlus (czyli taki lepszy przyspieszony) relacji Warszawa Wschodnia &#8211; Skierniewice przekracza Wis\u0142\u0119 mostem \u015brednicowym jad\u0105c po torach dalekobie\u017cnych. [11.07.2003]<\/p>\n<\/div>\n","protected":false},"excerpt":{"rendered":"<p>Zestaw EN57-1590(?)+1486 jako poci\u0105g nr 253 kategorii RegioPlus (czyli taki lepszy przyspieszony) relacji Warszawa Wschodnia &#8211; Skierniewice przekracza Wis\u0142\u0119 mostem \u015brednicowym jad\u0105c po torach dalekobie\u017cnych. [11.07.2003]<\/p>\n","protected":false},"author":1,"featured_media":13550,"comment_status":"open","ping_status":"","sticky":false,"template":"","format":"standard","meta":{"footnotes":""},"categories":[62,2,149],"tags":[3337,132,45,63,27,1669,954,1667,3338],"class_list":["post-13549","post","type-post","status-publish","format-standard","has-post-thumbnail","hentry","category-analog","category-kolej","category-rok-2003","tag-2003-07-11","tag-en57","tag-most","tag-pkp","tag-polska","tag-tab-pl600","tag-warszawa","tag-warszawa-centralna","tag-warszawa-wschodnia"],"_links":{"self":[{"href":"https:\/\/wgphoto.pl\/t\/index.php?rest_route=\/wp\/v2\/posts\/13549","targetHints":{"allow":["GET"]}}],"collection":[{"href":"https:\/\/wgphoto.pl\/t\/index.php?rest_route=\/wp\/v2\/posts"}],"about":[{"href":"https:\/\/wgphoto.pl\/t\/index.php?rest_route=\/wp\/v2\/types\/post"}],"author":[{"embeddable":true,"href":"https:\/\/wgphoto.pl\/t\/index.php?rest_route=\/wp\/v2\/users\/1"}],"replies":[{"embeddable":true,"href":"https:\/\/wgphoto.pl\/t\/index.php?rest_route=%2Fwp%2Fv2%2Fcomments&post=13549"}],"version-history":[{"count":1,"href":"https:\/\/wgphoto.pl\/t\/index.php?rest_route=\/wp\/v2\/posts\/13549\/revisions"}],"predecessor-version":[{"id":13551,"href":"https:\/\/wgphoto.pl\/t\/index.php?rest_route=\/wp\/v2\/posts\/13549\/revisions\/13551"}],"wp:featuredmedia":[{"embeddable":true,"href":"https:\/\/wgphoto.pl\/t\/index.php?rest_route=\/wp\/v2\/media\/13550"}],"wp:attachment":[{"href":"https:\/\/wgphoto.pl\/t\/index.php?rest_route=%2Fwp%2Fv2%2Fmedia&parent=13549"}],"wp:term":[{"taxonomy":"category","embeddable":true,"href":"https:\/\/wgphoto.pl\/t\/index.php?rest_route=%2Fwp%2Fv2%2Fcategories&post=13549"},{"taxonomy":"post_tag","embeddable":true,"href":"https:\/\/wgphoto.pl\/t\/index.php?rest_route=%2Fwp%2Fv2%2Ftags&post=13549"}],"curies":[{"name":"wp","href":"https:\/\/api.w.org\/{rel}","templated":true}]}}