{"id":13558,"date":"2025-03-04T17:33:31","date_gmt":"2025-03-04T16:33:31","guid":{"rendered":"https:\/\/wgphoto.pl\/t\/?p=13558"},"modified":"2025-03-04T17:33:31","modified_gmt":"2025-03-04T16:33:31","slug":"mochy","status":"publish","type":"post","link":"https:\/\/wgphoto.pl\/t\/?p=13558","title":{"rendered":"Mochy"},"content":{"rendered":"\n<figure class=\"wp-block-image aligncenter size-full\"><img loading=\"lazy\" decoding=\"async\" width=\"1300\" height=\"862\" src=\"https:\/\/wgphoto.pl\/t\/wp-content\/uploads\/2025\/03\/0516-06.jpg\" alt=\"\" class=\"wp-image-13559\" srcset=\"https:\/\/wgphoto.pl\/t\/wp-content\/uploads\/2025\/03\/0516-06.jpg 1300w, https:\/\/wgphoto.pl\/t\/wp-content\/uploads\/2025\/03\/0516-06-300x199.jpg 300w, https:\/\/wgphoto.pl\/t\/wp-content\/uploads\/2025\/03\/0516-06-768x509.jpg 768w\" sizes=\"auto, (max-width: 1300px) 100vw, 1300px\" \/><\/figure>\n\n\n\n<div class=\"wp-block-group has-global-padding is-layout-constrained wp-block-group-is-layout-constrained\">\n<p>SU45-175 z poci\u0105giem osobowym 33237 relacji Leszno &#8211; Wolsztyn odje\u017cd\u017ca ze stacji Nowawie\u015b-Mochy. [17.07.2005]<\/p>\n<\/div>\n","protected":false},"excerpt":{"rendered":"<p>SU45-175 z poci\u0105giem osobowym 33237 relacji Leszno &#8211; Wolsztyn odje\u017cd\u017ca ze stacji Nowawie\u015b-Mochy. [17.07.2005]<\/p>\n","protected":false},"author":1,"featured_media":13559,"comment_status":"open","ping_status":"","sticky":false,"template":"","format":"standard","meta":{"footnotes":""},"categories":[62,2,311],"tags":[2371,230,3339,63,27,290,53,721],"class_list":["post-13558","post","type-post","status-publish","format-standard","has-post-thumbnail","hentry","category-analog","category-kolej","category-rok-2005","tag-2005-07-17","tag-infrastruktura","tag-nowawies-mochy","tag-pkp","tag-polska","tag-su45","tag-sygnalizacja-ksztaltowa","tag-tab-pl328"],"_links":{"self":[{"href":"https:\/\/wgphoto.pl\/t\/index.php?rest_route=\/wp\/v2\/posts\/13558","targetHints":{"allow":["GET"]}}],"collection":[{"href":"https:\/\/wgphoto.pl\/t\/index.php?rest_route=\/wp\/v2\/posts"}],"about":[{"href":"https:\/\/wgphoto.pl\/t\/index.php?rest_route=\/wp\/v2\/types\/post"}],"author":[{"embeddable":true,"href":"https:\/\/wgphoto.pl\/t\/index.php?rest_route=\/wp\/v2\/users\/1"}],"replies":[{"embeddable":true,"href":"https:\/\/wgphoto.pl\/t\/index.php?rest_route=%2Fwp%2Fv2%2Fcomments&post=13558"}],"version-history":[{"count":1,"href":"https:\/\/wgphoto.pl\/t\/index.php?rest_route=\/wp\/v2\/posts\/13558\/revisions"}],"predecessor-version":[{"id":13560,"href":"https:\/\/wgphoto.pl\/t\/index.php?rest_route=\/wp\/v2\/posts\/13558\/revisions\/13560"}],"wp:featuredmedia":[{"embeddable":true,"href":"https:\/\/wgphoto.pl\/t\/index.php?rest_route=\/wp\/v2\/media\/13559"}],"wp:attachment":[{"href":"https:\/\/wgphoto.pl\/t\/index.php?rest_route=%2Fwp%2Fv2%2Fmedia&parent=13558"}],"wp:term":[{"taxonomy":"category","embeddable":true,"href":"https:\/\/wgphoto.pl\/t\/index.php?rest_route=%2Fwp%2Fv2%2Fcategories&post=13558"},{"taxonomy":"post_tag","embeddable":true,"href":"https:\/\/wgphoto.pl\/t\/index.php?rest_route=%2Fwp%2Fv2%2Ftags&post=13558"}],"curies":[{"name":"wp","href":"https:\/\/api.w.org\/{rel}","templated":true}]}}