{"id":13585,"date":"2025-03-04T17:46:15","date_gmt":"2025-03-04T16:46:15","guid":{"rendered":"https:\/\/wgphoto.pl\/t\/?p=13585"},"modified":"2025-03-04T17:46:15","modified_gmt":"2025-03-04T16:46:15","slug":"sm42-1127-biernatowo","status":"publish","type":"post","link":"https:\/\/wgphoto.pl\/t\/?p=13585","title":{"rendered":"SM42-1127, Biernatowo"},"content":{"rendered":"\n<figure class=\"wp-block-image aligncenter size-full\"><img loading=\"lazy\" decoding=\"async\" width=\"1300\" height=\"862\" src=\"https:\/\/wgphoto.pl\/t\/wp-content\/uploads\/2025\/03\/0616-31.jpg\" alt=\"\" class=\"wp-image-13586\" srcset=\"https:\/\/wgphoto.pl\/t\/wp-content\/uploads\/2025\/03\/0616-31.jpg 1300w, https:\/\/wgphoto.pl\/t\/wp-content\/uploads\/2025\/03\/0616-31-300x199.jpg 300w, https:\/\/wgphoto.pl\/t\/wp-content\/uploads\/2025\/03\/0616-31-768x509.jpg 768w\" sizes=\"auto, (max-width: 1300px) 100vw, 1300px\" \/><\/figure>\n\n\n\n<div class=\"wp-block-group has-global-padding is-layout-constrained wp-block-group-is-layout-constrained\">\n<p>SM42-1127 z poci\u0105giem specjalnym z Gdyni do Kostrzyna mija nastawni\u0119 wykonawcz\u0105 w Biernatowie. [27.07.2006]<\/p>\n<\/div>\n","protected":false},"excerpt":{"rendered":"<p>SM42-1127 z poci\u0105giem specjalnym z Gdyni do Kostrzyna mija nastawni\u0119 wykonawcz\u0105 w Biernatowie. [27.07.2006]<\/p>\n","protected":false},"author":1,"featured_media":13586,"comment_status":"open","ping_status":"","sticky":false,"template":"","format":"standard","meta":{"footnotes":""},"categories":[62,2],"tags":[3175,3349,288,595,63,27,473,594,1278],"class_list":["post-13585","post","type-post","status-publish","format-standard","has-post-thumbnail","hentry","category-analog","category-kolej","tag-2006-07-27","tag-biernatowo","tag-bipa","tag-ostbahn","tag-pkp","tag-polska","tag-sm42","tag-tab-pl345","tag-woodstock"],"_links":{"self":[{"href":"https:\/\/wgphoto.pl\/t\/index.php?rest_route=\/wp\/v2\/posts\/13585","targetHints":{"allow":["GET"]}}],"collection":[{"href":"https:\/\/wgphoto.pl\/t\/index.php?rest_route=\/wp\/v2\/posts"}],"about":[{"href":"https:\/\/wgphoto.pl\/t\/index.php?rest_route=\/wp\/v2\/types\/post"}],"author":[{"embeddable":true,"href":"https:\/\/wgphoto.pl\/t\/index.php?rest_route=\/wp\/v2\/users\/1"}],"replies":[{"embeddable":true,"href":"https:\/\/wgphoto.pl\/t\/index.php?rest_route=%2Fwp%2Fv2%2Fcomments&post=13585"}],"version-history":[{"count":1,"href":"https:\/\/wgphoto.pl\/t\/index.php?rest_route=\/wp\/v2\/posts\/13585\/revisions"}],"predecessor-version":[{"id":13587,"href":"https:\/\/wgphoto.pl\/t\/index.php?rest_route=\/wp\/v2\/posts\/13585\/revisions\/13587"}],"wp:featuredmedia":[{"embeddable":true,"href":"https:\/\/wgphoto.pl\/t\/index.php?rest_route=\/wp\/v2\/media\/13586"}],"wp:attachment":[{"href":"https:\/\/wgphoto.pl\/t\/index.php?rest_route=%2Fwp%2Fv2%2Fmedia&parent=13585"}],"wp:term":[{"taxonomy":"category","embeddable":true,"href":"https:\/\/wgphoto.pl\/t\/index.php?rest_route=%2Fwp%2Fv2%2Fcategories&post=13585"},{"taxonomy":"post_tag","embeddable":true,"href":"https:\/\/wgphoto.pl\/t\/index.php?rest_route=%2Fwp%2Fv2%2Ftags&post=13585"}],"curies":[{"name":"wp","href":"https:\/\/api.w.org\/{rel}","templated":true}]}}