{"id":13600,"date":"2025-03-04T18:35:11","date_gmt":"2025-03-04T17:35:11","guid":{"rendered":"https:\/\/wgphoto.pl\/t\/?p=13600"},"modified":"2025-03-04T18:35:11","modified_gmt":"2025-03-04T17:35:11","slug":"tuplice-debinka","status":"publish","type":"post","link":"https:\/\/wgphoto.pl\/t\/?p=13600","title":{"rendered":"Tuplice D\u0119binka"},"content":{"rendered":"\n<figure class=\"wp-block-image aligncenter size-full\"><img loading=\"lazy\" decoding=\"async\" width=\"1200\" height=\"800\" src=\"https:\/\/wgphoto.pl\/t\/wp-content\/uploads\/2025\/03\/0625-03.jpg\" alt=\"\" class=\"wp-image-13601\" srcset=\"https:\/\/wgphoto.pl\/t\/wp-content\/uploads\/2025\/03\/0625-03.jpg 1200w, https:\/\/wgphoto.pl\/t\/wp-content\/uploads\/2025\/03\/0625-03-300x200.jpg 300w, https:\/\/wgphoto.pl\/t\/wp-content\/uploads\/2025\/03\/0625-03-768x512.jpg 768w\" sizes=\"auto, (max-width: 1200px) 100vw, 1200px\" \/><\/figure>\n\n\n\n<div class=\"wp-block-group has-global-padding is-layout-constrained wp-block-group-is-layout-constrained\">\n<p>SU46-048 z poci\u0105giem IC &#8222;Wawel&#8221; relacji Hamburg-Altona &#8211; Krak\u00f3w G\u0142\u00f3wny mija zrujnowany budynek stacyjny. 30.09.2006<\/p>\n<\/div>\n","protected":false},"excerpt":{"rendered":"<p>SU46-048 z poci\u0105giem IC &#8222;Wawel&#8221; relacji Hamburg-Altona &#8211; Krak\u00f3w G\u0142\u00f3wny mija zrujnowany budynek stacyjny. 30.09.2006<\/p>\n","protected":false},"author":1,"featured_media":13601,"comment_status":"open","ping_status":"","sticky":false,"template":"","format":"standard","meta":{"footnotes":""},"categories":[62,2,130],"tags":[3353,63,27,84,356,3352],"class_list":["post-13600","post","type-post","status-publish","format-standard","has-post-thumbnail","hentry","category-analog","category-kolej","category-rok-2006","tag-2006-09-30","tag-pkp","tag-polska","tag-su46","tag-tab-pl270","tag-tuplice-debinka"],"_links":{"self":[{"href":"https:\/\/wgphoto.pl\/t\/index.php?rest_route=\/wp\/v2\/posts\/13600","targetHints":{"allow":["GET"]}}],"collection":[{"href":"https:\/\/wgphoto.pl\/t\/index.php?rest_route=\/wp\/v2\/posts"}],"about":[{"href":"https:\/\/wgphoto.pl\/t\/index.php?rest_route=\/wp\/v2\/types\/post"}],"author":[{"embeddable":true,"href":"https:\/\/wgphoto.pl\/t\/index.php?rest_route=\/wp\/v2\/users\/1"}],"replies":[{"embeddable":true,"href":"https:\/\/wgphoto.pl\/t\/index.php?rest_route=%2Fwp%2Fv2%2Fcomments&post=13600"}],"version-history":[{"count":1,"href":"https:\/\/wgphoto.pl\/t\/index.php?rest_route=\/wp\/v2\/posts\/13600\/revisions"}],"predecessor-version":[{"id":13602,"href":"https:\/\/wgphoto.pl\/t\/index.php?rest_route=\/wp\/v2\/posts\/13600\/revisions\/13602"}],"wp:featuredmedia":[{"embeddable":true,"href":"https:\/\/wgphoto.pl\/t\/index.php?rest_route=\/wp\/v2\/media\/13601"}],"wp:attachment":[{"href":"https:\/\/wgphoto.pl\/t\/index.php?rest_route=%2Fwp%2Fv2%2Fmedia&parent=13600"}],"wp:term":[{"taxonomy":"category","embeddable":true,"href":"https:\/\/wgphoto.pl\/t\/index.php?rest_route=%2Fwp%2Fv2%2Fcategories&post=13600"},{"taxonomy":"post_tag","embeddable":true,"href":"https:\/\/wgphoto.pl\/t\/index.php?rest_route=%2Fwp%2Fv2%2Ftags&post=13600"}],"curies":[{"name":"wp","href":"https:\/\/api.w.org\/{rel}","templated":true}]}}