{"id":13603,"date":"2025-03-04T18:36:11","date_gmt":"2025-03-04T17:36:11","guid":{"rendered":"https:\/\/wgphoto.pl\/t\/?p=13603"},"modified":"2025-03-04T18:36:11","modified_gmt":"2025-03-04T17:36:11","slug":"leniwe-popoludnie-w-tuplicach","status":"publish","type":"post","link":"https:\/\/wgphoto.pl\/t\/?p=13603","title":{"rendered":"Leniwe popo\u0142udnie w Tuplicach"},"content":{"rendered":"\n<figure class=\"wp-block-image aligncenter size-full\"><img loading=\"lazy\" decoding=\"async\" width=\"1200\" height=\"796\" src=\"https:\/\/wgphoto.pl\/t\/wp-content\/uploads\/2025\/03\/0625-05.jpg\" alt=\"\" class=\"wp-image-13604\" srcset=\"https:\/\/wgphoto.pl\/t\/wp-content\/uploads\/2025\/03\/0625-05.jpg 1200w, https:\/\/wgphoto.pl\/t\/wp-content\/uploads\/2025\/03\/0625-05-300x199.jpg 300w, https:\/\/wgphoto.pl\/t\/wp-content\/uploads\/2025\/03\/0625-05-768x509.jpg 768w\" sizes=\"auto, (max-width: 1200px) 100vw, 1200px\" \/><\/figure>\n\n\n\n<div class=\"wp-block-group has-global-padding is-layout-constrained wp-block-group-is-layout-constrained\">\n<p>ST43-406 i 328 czekaj\u0105 na odjazd w kierunku Niemiec, a niemieccy foci\u015bci czekaj\u0105 zapewne na ich start albo na &#8222;Wawela&#8221;, kt\u00f3ry za jaki\u015b czas pojedzie w przeciwnym kierunku. 30.09.2006<\/p>\n<\/div>\n","protected":false},"excerpt":{"rendered":"<p>ST43-406 i 328 czekaj\u0105 na odjazd w kierunku Niemiec, a niemieccy foci\u015bci czekaj\u0105 zapewne na ich start albo na &#8222;Wawela&#8221;, kt\u00f3ry za jaki\u015b czas pojedzie w przeciwnym kierunku. 30.09.2006<\/p>\n","protected":false},"author":1,"featured_media":13604,"comment_status":"open","ping_status":"","sticky":false,"template":"","format":"standard","meta":{"footnotes":""},"categories":[62,2,130],"tags":[3353,151,63,27,64,356,3354],"class_list":["post-13603","post","type-post","status-publish","format-standard","has-post-thumbnail","hentry","category-analog","category-kolej","category-rok-2006","tag-2006-09-30","tag-ludzie","tag-pkp","tag-polska","tag-st43","tag-tab-pl270","tag-tuplice"],"_links":{"self":[{"href":"https:\/\/wgphoto.pl\/t\/index.php?rest_route=\/wp\/v2\/posts\/13603","targetHints":{"allow":["GET"]}}],"collection":[{"href":"https:\/\/wgphoto.pl\/t\/index.php?rest_route=\/wp\/v2\/posts"}],"about":[{"href":"https:\/\/wgphoto.pl\/t\/index.php?rest_route=\/wp\/v2\/types\/post"}],"author":[{"embeddable":true,"href":"https:\/\/wgphoto.pl\/t\/index.php?rest_route=\/wp\/v2\/users\/1"}],"replies":[{"embeddable":true,"href":"https:\/\/wgphoto.pl\/t\/index.php?rest_route=%2Fwp%2Fv2%2Fcomments&post=13603"}],"version-history":[{"count":1,"href":"https:\/\/wgphoto.pl\/t\/index.php?rest_route=\/wp\/v2\/posts\/13603\/revisions"}],"predecessor-version":[{"id":13605,"href":"https:\/\/wgphoto.pl\/t\/index.php?rest_route=\/wp\/v2\/posts\/13603\/revisions\/13605"}],"wp:featuredmedia":[{"embeddable":true,"href":"https:\/\/wgphoto.pl\/t\/index.php?rest_route=\/wp\/v2\/media\/13604"}],"wp:attachment":[{"href":"https:\/\/wgphoto.pl\/t\/index.php?rest_route=%2Fwp%2Fv2%2Fmedia&parent=13603"}],"wp:term":[{"taxonomy":"category","embeddable":true,"href":"https:\/\/wgphoto.pl\/t\/index.php?rest_route=%2Fwp%2Fv2%2Fcategories&post=13603"},{"taxonomy":"post_tag","embeddable":true,"href":"https:\/\/wgphoto.pl\/t\/index.php?rest_route=%2Fwp%2Fv2%2Ftags&post=13603"}],"curies":[{"name":"wp","href":"https:\/\/api.w.org\/{rel}","templated":true}]}}