{"id":13615,"date":"2025-03-04T18:40:10","date_gmt":"2025-03-04T17:40:10","guid":{"rendered":"https:\/\/wgphoto.pl\/t\/?p=13615"},"modified":"2025-03-04T18:40:10","modified_gmt":"2025-03-04T17:40:10","slug":"stoczniowiec-i-kaszub-jada-na-wakacje","status":"publish","type":"post","link":"https:\/\/wgphoto.pl\/t\/?p=13615","title":{"rendered":"Stoczniowiec i Kaszub jad\u0105 na wakacje"},"content":{"rendered":"\n<figure class=\"wp-block-image aligncenter size-full\"><img loading=\"lazy\" decoding=\"async\" width=\"1200\" height=\"800\" src=\"https:\/\/wgphoto.pl\/t\/wp-content\/uploads\/2025\/03\/0613-13.jpg\" alt=\"\" class=\"wp-image-13616\" srcset=\"https:\/\/wgphoto.pl\/t\/wp-content\/uploads\/2025\/03\/0613-13.jpg 1200w, https:\/\/wgphoto.pl\/t\/wp-content\/uploads\/2025\/03\/0613-13-300x200.jpg 300w, https:\/\/wgphoto.pl\/t\/wp-content\/uploads\/2025\/03\/0613-13-768x512.jpg 768w\" sizes=\"auto, (max-width: 1200px) 100vw, 1200px\" \/><\/figure>\n\n\n\n<div class=\"wp-block-group has-global-padding is-layout-constrained wp-block-group-is-layout-constrained\">\n<p>Gdynia G\u0142\u00f3wna, EU07-216 ze &#8222;Stoczniowcem&#8221; do Katowic i EP09-005 z IC &#8222;Kaszub&#8221; do Krakowa G\u0142\u00f3wnego. 08.07.2006<\/p>\n<\/div>\n","protected":false},"excerpt":{"rendered":"<p>Gdynia G\u0142\u00f3wna, EU07-216 ze &#8222;Stoczniowcem&#8221; do Katowic i EP09-005 z IC &#8222;Kaszub&#8221; do Krakowa G\u0142\u00f3wnego. 08.07.2006<\/p>\n","protected":false},"author":1,"featured_media":13616,"comment_status":"open","ping_status":"","sticky":false,"template":"","format":"standard","meta":{"footnotes":""},"categories":[62,2,130],"tags":[2494,2461,122,150,63,27,176,920],"class_list":["post-13615","post","type-post","status-publish","format-standard","has-post-thumbnail","hentry","category-analog","category-kolej","category-rok-2006","tag-2006-07-08","tag-ep09","tag-eu07","tag-gdynia-glowna","tag-pkp","tag-polska","tag-rano","tag-tab-pl430"],"_links":{"self":[{"href":"https:\/\/wgphoto.pl\/t\/index.php?rest_route=\/wp\/v2\/posts\/13615","targetHints":{"allow":["GET"]}}],"collection":[{"href":"https:\/\/wgphoto.pl\/t\/index.php?rest_route=\/wp\/v2\/posts"}],"about":[{"href":"https:\/\/wgphoto.pl\/t\/index.php?rest_route=\/wp\/v2\/types\/post"}],"author":[{"embeddable":true,"href":"https:\/\/wgphoto.pl\/t\/index.php?rest_route=\/wp\/v2\/users\/1"}],"replies":[{"embeddable":true,"href":"https:\/\/wgphoto.pl\/t\/index.php?rest_route=%2Fwp%2Fv2%2Fcomments&post=13615"}],"version-history":[{"count":1,"href":"https:\/\/wgphoto.pl\/t\/index.php?rest_route=\/wp\/v2\/posts\/13615\/revisions"}],"predecessor-version":[{"id":13617,"href":"https:\/\/wgphoto.pl\/t\/index.php?rest_route=\/wp\/v2\/posts\/13615\/revisions\/13617"}],"wp:featuredmedia":[{"embeddable":true,"href":"https:\/\/wgphoto.pl\/t\/index.php?rest_route=\/wp\/v2\/media\/13616"}],"wp:attachment":[{"href":"https:\/\/wgphoto.pl\/t\/index.php?rest_route=%2Fwp%2Fv2%2Fmedia&parent=13615"}],"wp:term":[{"taxonomy":"category","embeddable":true,"href":"https:\/\/wgphoto.pl\/t\/index.php?rest_route=%2Fwp%2Fv2%2Fcategories&post=13615"},{"taxonomy":"post_tag","embeddable":true,"href":"https:\/\/wgphoto.pl\/t\/index.php?rest_route=%2Fwp%2Fv2%2Ftags&post=13615"}],"curies":[{"name":"wp","href":"https:\/\/api.w.org\/{rel}","templated":true}]}}