{"id":13618,"date":"2025-03-04T18:41:03","date_gmt":"2025-03-04T17:41:03","guid":{"rendered":"https:\/\/wgphoto.pl\/t\/?p=13618"},"modified":"2025-03-04T18:41:18","modified_gmt":"2025-03-04T17:41:18","slug":"nadodrze","status":"publish","type":"post","link":"https:\/\/wgphoto.pl\/t\/?p=13618","title":{"rendered":"Nadodrze"},"content":{"rendered":"\n<figure class=\"wp-block-image aligncenter size-full\"><img loading=\"lazy\" decoding=\"async\" width=\"1200\" height=\"800\" src=\"https:\/\/wgphoto.pl\/t\/wp-content\/uploads\/2025\/03\/0625-11.jpg\" alt=\"\" class=\"wp-image-13619\" srcset=\"https:\/\/wgphoto.pl\/t\/wp-content\/uploads\/2025\/03\/0625-11.jpg 1200w, https:\/\/wgphoto.pl\/t\/wp-content\/uploads\/2025\/03\/0625-11-300x200.jpg 300w, https:\/\/wgphoto.pl\/t\/wp-content\/uploads\/2025\/03\/0625-11-768x512.jpg 768w\" sizes=\"auto, (max-width: 1200px) 100vw, 1200px\" \/><\/figure>\n\n\n\n<div class=\"wp-block-group has-global-padding is-layout-constrained wp-block-group-is-layout-constrained\">\n<p>Wroc\u0142awski plac Powsta\u0144c\u00f3w Wielkopolskich w po\u0142owie swej okaza\u0142o\u015bci. Ulic\u0105 Trzebnick\u0105 w kierunku p\u00f3\u0142nocnym jedzie sk\u0142ad 105Na 2201+2202. Na zdj\u0119ciu jest widoczny tymczasowy tor umo\u017cliwiaj\u0105cy przejazd ulic\u0105 Trzebnick\u0105 z p\u00f3\u0142nocy na po\u0142udnie z pomini\u0119ciem placu. Przed przebudow\u0105 nie by\u0142o takiej mo\u017cliwo\u015bci, nast\u0119pnie relacja ta pozosta\u0142a jako awaryjna. 01.10.2006<\/p>\n<\/div>\n","protected":false},"excerpt":{"rendered":"<p>Wroc\u0142awski plac Powsta\u0144c\u00f3w Wielkopolskich w po\u0142owie swej okaza\u0142o\u015bci. Ulic\u0105 Trzebnick\u0105 w kierunku p\u00f3\u0142nocnym jedzie sk\u0142ad 105Na 2201+2202. Na zdj\u0119ciu jest widoczny tymczasowy tor umo\u017cliwiaj\u0105cy przejazd ulic\u0105 Trzebnick\u0105 z p\u00f3\u0142nocy na po\u0142udnie z pomini\u0119ciem placu. Przed przebudow\u0105 nie by\u0142o takiej mo\u017cliwo\u015bci, nast\u0119pnie relacja ta pozosta\u0142a jako awaryjna. 01.10.2006<\/p>\n","protected":false},"author":1,"featured_media":13619,"comment_status":"open","ping_status":"","sticky":false,"template":"","format":"standard","meta":{"footnotes":""},"categories":[62,130,3],"tags":[155,1518,34,745,42,27,41],"class_list":["post-13618","post","type-post","status-publish","format-standard","has-post-thumbnail","hentry","category-analog","category-rok-2006","category-tramwaj","tag-105na","tag-2006-10-01","tag-architektura","tag-budowa","tag-mpk-wroclaw","tag-polska","tag-wroclaw"],"_links":{"self":[{"href":"https:\/\/wgphoto.pl\/t\/index.php?rest_route=\/wp\/v2\/posts\/13618","targetHints":{"allow":["GET"]}}],"collection":[{"href":"https:\/\/wgphoto.pl\/t\/index.php?rest_route=\/wp\/v2\/posts"}],"about":[{"href":"https:\/\/wgphoto.pl\/t\/index.php?rest_route=\/wp\/v2\/types\/post"}],"author":[{"embeddable":true,"href":"https:\/\/wgphoto.pl\/t\/index.php?rest_route=\/wp\/v2\/users\/1"}],"replies":[{"embeddable":true,"href":"https:\/\/wgphoto.pl\/t\/index.php?rest_route=%2Fwp%2Fv2%2Fcomments&post=13618"}],"version-history":[{"count":1,"href":"https:\/\/wgphoto.pl\/t\/index.php?rest_route=\/wp\/v2\/posts\/13618\/revisions"}],"predecessor-version":[{"id":13620,"href":"https:\/\/wgphoto.pl\/t\/index.php?rest_route=\/wp\/v2\/posts\/13618\/revisions\/13620"}],"wp:featuredmedia":[{"embeddable":true,"href":"https:\/\/wgphoto.pl\/t\/index.php?rest_route=\/wp\/v2\/media\/13619"}],"wp:attachment":[{"href":"https:\/\/wgphoto.pl\/t\/index.php?rest_route=%2Fwp%2Fv2%2Fmedia&parent=13618"}],"wp:term":[{"taxonomy":"category","embeddable":true,"href":"https:\/\/wgphoto.pl\/t\/index.php?rest_route=%2Fwp%2Fv2%2Fcategories&post=13618"},{"taxonomy":"post_tag","embeddable":true,"href":"https:\/\/wgphoto.pl\/t\/index.php?rest_route=%2Fwp%2Fv2%2Ftags&post=13618"}],"curies":[{"name":"wp","href":"https:\/\/api.w.org\/{rel}","templated":true}]}}