{"id":13621,"date":"2025-03-04T18:42:29","date_gmt":"2025-03-04T17:42:29","guid":{"rendered":"https:\/\/wgphoto.pl\/t\/?p=13621"},"modified":"2025-03-04T18:42:29","modified_gmt":"2025-03-04T17:42:29","slug":"zimno-2","status":"publish","type":"post","link":"https:\/\/wgphoto.pl\/t\/?p=13621","title":{"rendered":"Zimno"},"content":{"rendered":"\n<figure class=\"wp-block-image aligncenter size-full\"><img loading=\"lazy\" decoding=\"async\" width=\"1200\" height=\"795\" src=\"https:\/\/wgphoto.pl\/t\/wp-content\/uploads\/2025\/03\/IMGP7058.jpg\" alt=\"\" class=\"wp-image-13622\" srcset=\"https:\/\/wgphoto.pl\/t\/wp-content\/uploads\/2025\/03\/IMGP7058.jpg 1200w, https:\/\/wgphoto.pl\/t\/wp-content\/uploads\/2025\/03\/IMGP7058-300x199.jpg 300w, https:\/\/wgphoto.pl\/t\/wp-content\/uploads\/2025\/03\/IMGP7058-768x509.jpg 768w\" sizes=\"auto, (max-width: 1200px) 100vw, 1200px\" \/><\/figure>\n\n\n\n<div class=\"wp-block-group has-global-padding is-layout-constrained wp-block-group-is-layout-constrained\">\n<p>Genewa, Rue de la Corraterie. Zimno, wietrznie oraz na przemian s\u0142o\u0144ce i cie\u0144 &#8211; szalona pogoda na prze\u0142omie zimy i wiosny. 21.03.2018<\/p>\n<\/div>\n","protected":false},"excerpt":{"rendered":"<p>Genewa, Rue de la Corraterie. Zimno, wietrznie oraz na przemian s\u0142o\u0144ce i cie\u0144 &#8211; szalona pogoda na prze\u0142omie zimy i wiosny. 21.03.2018<\/p>\n","protected":false},"author":1,"featured_media":13622,"comment_status":"open","ping_status":"","sticky":false,"template":"","format":"standard","meta":{"footnotes":""},"categories":[156,3],"tags":[188,34,185,494,184,173,143,183,186,187],"class_list":["post-13621","post","type-post","status-publish","format-standard","has-post-thumbnail","hentry","category-rok-2018","category-tramwaj","tag-2018-03-21","tag-architektura","tag-cityrunner","tag-flaga","tag-genewa","tag-koncowki","tag-ponad-30m","tag-suissetrip-2018","tag-szwajcaria","tag-tpg-geneve"],"_links":{"self":[{"href":"https:\/\/wgphoto.pl\/t\/index.php?rest_route=\/wp\/v2\/posts\/13621","targetHints":{"allow":["GET"]}}],"collection":[{"href":"https:\/\/wgphoto.pl\/t\/index.php?rest_route=\/wp\/v2\/posts"}],"about":[{"href":"https:\/\/wgphoto.pl\/t\/index.php?rest_route=\/wp\/v2\/types\/post"}],"author":[{"embeddable":true,"href":"https:\/\/wgphoto.pl\/t\/index.php?rest_route=\/wp\/v2\/users\/1"}],"replies":[{"embeddable":true,"href":"https:\/\/wgphoto.pl\/t\/index.php?rest_route=%2Fwp%2Fv2%2Fcomments&post=13621"}],"version-history":[{"count":1,"href":"https:\/\/wgphoto.pl\/t\/index.php?rest_route=\/wp\/v2\/posts\/13621\/revisions"}],"predecessor-version":[{"id":13623,"href":"https:\/\/wgphoto.pl\/t\/index.php?rest_route=\/wp\/v2\/posts\/13621\/revisions\/13623"}],"wp:featuredmedia":[{"embeddable":true,"href":"https:\/\/wgphoto.pl\/t\/index.php?rest_route=\/wp\/v2\/media\/13622"}],"wp:attachment":[{"href":"https:\/\/wgphoto.pl\/t\/index.php?rest_route=%2Fwp%2Fv2%2Fmedia&parent=13621"}],"wp:term":[{"taxonomy":"category","embeddable":true,"href":"https:\/\/wgphoto.pl\/t\/index.php?rest_route=%2Fwp%2Fv2%2Fcategories&post=13621"},{"taxonomy":"post_tag","embeddable":true,"href":"https:\/\/wgphoto.pl\/t\/index.php?rest_route=%2Fwp%2Fv2%2Ftags&post=13621"}],"curies":[{"name":"wp","href":"https:\/\/api.w.org\/{rel}","templated":true}]}}