{"id":13633,"date":"2025-03-04T18:46:29","date_gmt":"2025-03-04T17:46:29","guid":{"rendered":"https:\/\/wgphoto.pl\/t\/?p=13633"},"modified":"2025-03-04T18:46:29","modified_gmt":"2025-03-04T17:46:29","slug":"torun-miasto","status":"publish","type":"post","link":"https:\/\/wgphoto.pl\/t\/?p=13633","title":{"rendered":"Toru\u0144 Miasto"},"content":{"rendered":"\n<figure class=\"wp-block-image aligncenter size-full\"><img loading=\"lazy\" decoding=\"async\" width=\"1200\" height=\"800\" src=\"https:\/\/wgphoto.pl\/t\/wp-content\/uploads\/2025\/03\/0521-01.jpg\" alt=\"\" class=\"wp-image-13634\" srcset=\"https:\/\/wgphoto.pl\/t\/wp-content\/uploads\/2025\/03\/0521-01.jpg 1200w, https:\/\/wgphoto.pl\/t\/wp-content\/uploads\/2025\/03\/0521-01-300x200.jpg 300w, https:\/\/wgphoto.pl\/t\/wp-content\/uploads\/2025\/03\/0521-01-768x512.jpg 768w\" sizes=\"auto, (max-width: 1200px) 100vw, 1200px\" \/><\/figure>\n\n\n\n<div class=\"wp-block-group has-global-padding is-layout-constrained wp-block-group-is-layout-constrained\">\n<p>SU45-168 z poci\u0105giem osobowym 55028 z Grudzi\u0105dza do Torunia G\u0142\u00f3wnego wyje\u017cd\u017ca z charakterystycznego tunelu w obr\u0119bie posterunku Toru\u0144 Miasto. 31.07.2005<\/p>\n<\/div>\n","protected":false},"excerpt":{"rendered":"<p>SU45-168 z poci\u0105giem osobowym 55028 z Grudzi\u0105dza do Torunia G\u0142\u00f3wnego wyje\u017cd\u017ca z charakterystycznego tunelu w obr\u0119bie posterunku Toru\u0144 Miasto. 31.07.2005<\/p>\n","protected":false},"author":1,"featured_media":13634,"comment_status":"open","ping_status":"","sticky":false,"template":"","format":"standard","meta":{"footnotes":""},"categories":[62,2,311],"tags":[3359,63,27,290,631,917,3358,15],"class_list":["post-13633","post","type-post","status-publish","format-standard","has-post-thumbnail","hentry","category-analog","category-kolej","category-rok-2005","tag-2005-07-31","tag-pkp","tag-polska","tag-su45","tag-tab-pl","tag-torun","tag-torun-miasto","tag-tunel"],"_links":{"self":[{"href":"https:\/\/wgphoto.pl\/t\/index.php?rest_route=\/wp\/v2\/posts\/13633","targetHints":{"allow":["GET"]}}],"collection":[{"href":"https:\/\/wgphoto.pl\/t\/index.php?rest_route=\/wp\/v2\/posts"}],"about":[{"href":"https:\/\/wgphoto.pl\/t\/index.php?rest_route=\/wp\/v2\/types\/post"}],"author":[{"embeddable":true,"href":"https:\/\/wgphoto.pl\/t\/index.php?rest_route=\/wp\/v2\/users\/1"}],"replies":[{"embeddable":true,"href":"https:\/\/wgphoto.pl\/t\/index.php?rest_route=%2Fwp%2Fv2%2Fcomments&post=13633"}],"version-history":[{"count":1,"href":"https:\/\/wgphoto.pl\/t\/index.php?rest_route=\/wp\/v2\/posts\/13633\/revisions"}],"predecessor-version":[{"id":13635,"href":"https:\/\/wgphoto.pl\/t\/index.php?rest_route=\/wp\/v2\/posts\/13633\/revisions\/13635"}],"wp:featuredmedia":[{"embeddable":true,"href":"https:\/\/wgphoto.pl\/t\/index.php?rest_route=\/wp\/v2\/media\/13634"}],"wp:attachment":[{"href":"https:\/\/wgphoto.pl\/t\/index.php?rest_route=%2Fwp%2Fv2%2Fmedia&parent=13633"}],"wp:term":[{"taxonomy":"category","embeddable":true,"href":"https:\/\/wgphoto.pl\/t\/index.php?rest_route=%2Fwp%2Fv2%2Fcategories&post=13633"},{"taxonomy":"post_tag","embeddable":true,"href":"https:\/\/wgphoto.pl\/t\/index.php?rest_route=%2Fwp%2Fv2%2Ftags&post=13633"}],"curies":[{"name":"wp","href":"https:\/\/api.w.org\/{rel}","templated":true}]}}