{"id":13636,"date":"2025-03-04T18:53:32","date_gmt":"2025-03-04T17:53:32","guid":{"rendered":"https:\/\/wgphoto.pl\/t\/?p=13636"},"modified":"2025-03-04T18:53:32","modified_gmt":"2025-03-04T17:53:32","slug":"sztorm-w-sycewicach","status":"publish","type":"post","link":"https:\/\/wgphoto.pl\/t\/?p=13636","title":{"rendered":"Sztorm w Sycewicach"},"content":{"rendered":"\n<figure class=\"wp-block-image aligncenter size-full\"><img loading=\"lazy\" decoding=\"async\" width=\"1200\" height=\"800\" src=\"https:\/\/wgphoto.pl\/t\/wp-content\/uploads\/2025\/03\/0809-08.jpg\" alt=\"\" class=\"wp-image-13637\" srcset=\"https:\/\/wgphoto.pl\/t\/wp-content\/uploads\/2025\/03\/0809-08.jpg 1200w, https:\/\/wgphoto.pl\/t\/wp-content\/uploads\/2025\/03\/0809-08-300x200.jpg 300w, https:\/\/wgphoto.pl\/t\/wp-content\/uploads\/2025\/03\/0809-08-768x512.jpg 768w\" sizes=\"auto, (max-width: 1200px) 100vw, 1200px\" \/><\/figure>\n\n\n\n<div class=\"wp-block-group has-global-padding is-layout-constrained wp-block-group-is-layout-constrained\">\n<p>ED72-017 jako poci\u0105g osobowy 89120 &#8222;Sztorm&#8221; relacji Szczecin G\u0142\u00f3wny &#8211; S\u0142upsk odje\u017cd\u017ca z Sycewic. 05.08.2008<\/p>\n<\/div>\n","protected":false},"excerpt":{"rendered":"<p>ED72-017 jako poci\u0105g osobowy 89120 &#8222;Sztorm&#8221; relacji Szczecin G\u0142\u00f3wny &#8211; S\u0142upsk odje\u017cd\u017ca z Sycewic. 05.08.2008<\/p>\n","protected":false},"author":1,"featured_media":13637,"comment_status":"open","ping_status":"","sticky":false,"template":"","format":"standard","meta":{"footnotes":""},"categories":[62,2,120],"tags":[3361,743,173,1775,63,27,3360,53,909],"class_list":["post-13636","post","type-post","status-publish","format-standard","has-post-thumbnail","hentry","category-analog","category-kolej","category-rok-2008","tag-2008-08-05","tag-ed72","tag-koncowki","tag-na-wysiadanego","tag-pkp","tag-polska","tag-sycewice","tag-sygnalizacja-ksztaltowa","tag-tab-pl380"],"_links":{"self":[{"href":"https:\/\/wgphoto.pl\/t\/index.php?rest_route=\/wp\/v2\/posts\/13636","targetHints":{"allow":["GET"]}}],"collection":[{"href":"https:\/\/wgphoto.pl\/t\/index.php?rest_route=\/wp\/v2\/posts"}],"about":[{"href":"https:\/\/wgphoto.pl\/t\/index.php?rest_route=\/wp\/v2\/types\/post"}],"author":[{"embeddable":true,"href":"https:\/\/wgphoto.pl\/t\/index.php?rest_route=\/wp\/v2\/users\/1"}],"replies":[{"embeddable":true,"href":"https:\/\/wgphoto.pl\/t\/index.php?rest_route=%2Fwp%2Fv2%2Fcomments&post=13636"}],"version-history":[{"count":1,"href":"https:\/\/wgphoto.pl\/t\/index.php?rest_route=\/wp\/v2\/posts\/13636\/revisions"}],"predecessor-version":[{"id":13638,"href":"https:\/\/wgphoto.pl\/t\/index.php?rest_route=\/wp\/v2\/posts\/13636\/revisions\/13638"}],"wp:featuredmedia":[{"embeddable":true,"href":"https:\/\/wgphoto.pl\/t\/index.php?rest_route=\/wp\/v2\/media\/13637"}],"wp:attachment":[{"href":"https:\/\/wgphoto.pl\/t\/index.php?rest_route=%2Fwp%2Fv2%2Fmedia&parent=13636"}],"wp:term":[{"taxonomy":"category","embeddable":true,"href":"https:\/\/wgphoto.pl\/t\/index.php?rest_route=%2Fwp%2Fv2%2Fcategories&post=13636"},{"taxonomy":"post_tag","embeddable":true,"href":"https:\/\/wgphoto.pl\/t\/index.php?rest_route=%2Fwp%2Fv2%2Ftags&post=13636"}],"curies":[{"name":"wp","href":"https:\/\/api.w.org\/{rel}","templated":true}]}}