{"id":13651,"date":"2025-03-05T22:02:55","date_gmt":"2025-03-05T21:02:55","guid":{"rendered":"https:\/\/wgphoto.pl\/t\/?p=13651"},"modified":"2026-02-22T23:19:33","modified_gmt":"2026-02-22T22:19:33","slug":"swiatelko-w-tunelu","status":"publish","type":"post","link":"https:\/\/wgphoto.pl\/t\/?p=13651","title":{"rendered":"\u015awiate\u0142ko w tunelu"},"content":{"rendered":"\n<figure class=\"wp-block-image aligncenter size-full\"><img loading=\"lazy\" decoding=\"async\" width=\"900\" height=\"900\" src=\"https:\/\/wgphoto.pl\/t\/wp-content\/uploads\/2025\/03\/IMGP1266.jpg\" alt=\"\" class=\"wp-image-13652\" srcset=\"https:\/\/wgphoto.pl\/t\/wp-content\/uploads\/2025\/03\/IMGP1266.jpg 900w, https:\/\/wgphoto.pl\/t\/wp-content\/uploads\/2025\/03\/IMGP1266-300x300.jpg 300w, https:\/\/wgphoto.pl\/t\/wp-content\/uploads\/2025\/03\/IMGP1266-150x150.jpg 150w, https:\/\/wgphoto.pl\/t\/wp-content\/uploads\/2025\/03\/IMGP1266-768x768.jpg 768w\" sizes=\"auto, (max-width: 900px) 100vw, 900px\" \/><\/figure>\n\n\n\n<div class=\"wp-block-group has-global-padding is-layout-constrained wp-block-group-is-layout-constrained\">\n<p>Poci\u0105g metra stoj\u0105cy na przytanku Schottenring w Wiedniu, ogl\u0105dany na duuu\u017cym zoomie z s\u0105siedniej stacji. To jedyne takie miejsce w podziemiach wiede\u0144skiego metra, gdzie mo\u017cna kombinowa\u0107 z takimi zdj\u0119ciami. 23.12.2013<\/p>\n<\/div>\n","protected":false},"excerpt":{"rendered":"<p>Poci\u0105g metra stoj\u0105cy na przytanku Schottenring w Wiedniu, ogl\u0105dany na duuu\u017cym zoomie z s\u0105siedniej stacji. To jedyne takie miejsce w podziemiach wiede\u0144skiego metra, gdzie mo\u017cna kombinowa\u0107 z takimi zdj\u0119ciami. 23.12.2013<\/p>\n","protected":false},"author":1,"featured_media":13652,"comment_status":"open","ping_status":"","sticky":false,"template":"","format":"standard","meta":{"footnotes":""},"categories":[4,55],"tags":[826,9,223,15,4680,99,97,98],"class_list":["post-13651","post","type-post","status-publish","format-standard","has-post-thumbnail","hentry","category-metro","category-rok-2013","tag-2013-12-23","tag-austria","tag-symetria","tag-tunel","tag-u","tag-u-bahn-wien","tag-wieden","tag-wiener-linien"],"_links":{"self":[{"href":"https:\/\/wgphoto.pl\/t\/index.php?rest_route=\/wp\/v2\/posts\/13651","targetHints":{"allow":["GET"]}}],"collection":[{"href":"https:\/\/wgphoto.pl\/t\/index.php?rest_route=\/wp\/v2\/posts"}],"about":[{"href":"https:\/\/wgphoto.pl\/t\/index.php?rest_route=\/wp\/v2\/types\/post"}],"author":[{"embeddable":true,"href":"https:\/\/wgphoto.pl\/t\/index.php?rest_route=\/wp\/v2\/users\/1"}],"replies":[{"embeddable":true,"href":"https:\/\/wgphoto.pl\/t\/index.php?rest_route=%2Fwp%2Fv2%2Fcomments&post=13651"}],"version-history":[{"count":1,"href":"https:\/\/wgphoto.pl\/t\/index.php?rest_route=\/wp\/v2\/posts\/13651\/revisions"}],"predecessor-version":[{"id":13653,"href":"https:\/\/wgphoto.pl\/t\/index.php?rest_route=\/wp\/v2\/posts\/13651\/revisions\/13653"}],"wp:featuredmedia":[{"embeddable":true,"href":"https:\/\/wgphoto.pl\/t\/index.php?rest_route=\/wp\/v2\/media\/13652"}],"wp:attachment":[{"href":"https:\/\/wgphoto.pl\/t\/index.php?rest_route=%2Fwp%2Fv2%2Fmedia&parent=13651"}],"wp:term":[{"taxonomy":"category","embeddable":true,"href":"https:\/\/wgphoto.pl\/t\/index.php?rest_route=%2Fwp%2Fv2%2Fcategories&post=13651"},{"taxonomy":"post_tag","embeddable":true,"href":"https:\/\/wgphoto.pl\/t\/index.php?rest_route=%2Fwp%2Fv2%2Ftags&post=13651"}],"curies":[{"name":"wp","href":"https:\/\/api.w.org\/{rel}","templated":true}]}}