{"id":13654,"date":"2025-03-05T22:04:10","date_gmt":"2025-03-05T21:04:10","guid":{"rendered":"https:\/\/wgphoto.pl\/t\/?p=13654"},"modified":"2025-03-05T22:04:10","modified_gmt":"2025-03-05T21:04:10","slug":"richtung-wien-oper","status":"publish","type":"post","link":"https:\/\/wgphoto.pl\/t\/?p=13654","title":{"rendered":"Richtung Wien Oper"},"content":{"rendered":"\n<figure class=\"wp-block-image aligncenter size-full\"><img loading=\"lazy\" decoding=\"async\" width=\"1200\" height=\"795\" src=\"https:\/\/wgphoto.pl\/t\/wp-content\/uploads\/2025\/03\/IMGP1255.jpg\" alt=\"\" class=\"wp-image-13655\" srcset=\"https:\/\/wgphoto.pl\/t\/wp-content\/uploads\/2025\/03\/IMGP1255.jpg 1200w, https:\/\/wgphoto.pl\/t\/wp-content\/uploads\/2025\/03\/IMGP1255-300x199.jpg 300w, https:\/\/wgphoto.pl\/t\/wp-content\/uploads\/2025\/03\/IMGP1255-768x509.jpg 768w\" sizes=\"auto, (max-width: 1200px) 100vw, 1200px\" \/><\/figure>\n\n\n\n<div class=\"wp-block-group has-global-padding is-layout-constrained wp-block-group-is-layout-constrained\">\n<p>Wiede\u0144, przystanek Laurenzgasse, najmniej chyba ucz\u0119szczany w tutejszym premetrze. Z tunelu wy\u0142ania si\u0119 pojazd tramwaju podmiejskiego, doje\u017cd\u017caj\u0105cego z Baden pod wiede\u0144sk\u0105 oper\u0119. 23.12.2013<\/p>\n<\/div>\n","protected":false},"excerpt":{"rendered":"<p>Wiede\u0144, przystanek Laurenzgasse, najmniej chyba ucz\u0119szczany w tutejszym premetrze. Z tunelu wy\u0142ania si\u0119 pojazd tramwaju podmiejskiego, doje\u017cd\u017caj\u0105cego z Baden pod wiede\u0144sk\u0105 oper\u0119. 23.12.2013<\/p>\n","protected":false},"author":1,"featured_media":13655,"comment_status":"open","ping_status":"","sticky":false,"template":"","format":"standard","meta":{"footnotes":""},"categories":[55,3],"tags":[826,9,238,103,561,15,97,3362],"class_list":["post-13654","post","type-post","status-publish","format-standard","has-post-thumbnail","hentry","category-rok-2013","category-tramwaj","tag-2013-12-23","tag-austria","tag-gt8","tag-premetro","tag-tramwaj-podmiejski","tag-tunel","tag-wieden","tag-wiener-lokalbahnen"],"_links":{"self":[{"href":"https:\/\/wgphoto.pl\/t\/index.php?rest_route=\/wp\/v2\/posts\/13654","targetHints":{"allow":["GET"]}}],"collection":[{"href":"https:\/\/wgphoto.pl\/t\/index.php?rest_route=\/wp\/v2\/posts"}],"about":[{"href":"https:\/\/wgphoto.pl\/t\/index.php?rest_route=\/wp\/v2\/types\/post"}],"author":[{"embeddable":true,"href":"https:\/\/wgphoto.pl\/t\/index.php?rest_route=\/wp\/v2\/users\/1"}],"replies":[{"embeddable":true,"href":"https:\/\/wgphoto.pl\/t\/index.php?rest_route=%2Fwp%2Fv2%2Fcomments&post=13654"}],"version-history":[{"count":1,"href":"https:\/\/wgphoto.pl\/t\/index.php?rest_route=\/wp\/v2\/posts\/13654\/revisions"}],"predecessor-version":[{"id":13656,"href":"https:\/\/wgphoto.pl\/t\/index.php?rest_route=\/wp\/v2\/posts\/13654\/revisions\/13656"}],"wp:featuredmedia":[{"embeddable":true,"href":"https:\/\/wgphoto.pl\/t\/index.php?rest_route=\/wp\/v2\/media\/13655"}],"wp:attachment":[{"href":"https:\/\/wgphoto.pl\/t\/index.php?rest_route=%2Fwp%2Fv2%2Fmedia&parent=13654"}],"wp:term":[{"taxonomy":"category","embeddable":true,"href":"https:\/\/wgphoto.pl\/t\/index.php?rest_route=%2Fwp%2Fv2%2Fcategories&post=13654"},{"taxonomy":"post_tag","embeddable":true,"href":"https:\/\/wgphoto.pl\/t\/index.php?rest_route=%2Fwp%2Fv2%2Ftags&post=13654"}],"curies":[{"name":"wp","href":"https:\/\/api.w.org\/{rel}","templated":true}]}}