{"id":13663,"date":"2025-03-05T22:10:01","date_gmt":"2025-03-05T21:10:01","guid":{"rendered":"https:\/\/wgphoto.pl\/t\/?p=13663"},"modified":"2025-03-05T22:10:01","modified_gmt":"2025-03-05T21:10:01","slug":"zgnila-pogoda-w-ozorkowie","status":"publish","type":"post","link":"https:\/\/wgphoto.pl\/t\/?p=13663","title":{"rendered":"Zgni\u0142a pogoda w Ozorkowie"},"content":{"rendered":"\n<figure class=\"wp-block-image aligncenter size-full\"><img loading=\"lazy\" decoding=\"async\" width=\"1200\" height=\"803\" src=\"https:\/\/wgphoto.pl\/t\/wp-content\/uploads\/2025\/03\/IMGP9414.jpg\" alt=\"\" class=\"wp-image-13664\" srcset=\"https:\/\/wgphoto.pl\/t\/wp-content\/uploads\/2025\/03\/IMGP9414.jpg 1200w, https:\/\/wgphoto.pl\/t\/wp-content\/uploads\/2025\/03\/IMGP9414-300x201.jpg 300w, https:\/\/wgphoto.pl\/t\/wp-content\/uploads\/2025\/03\/IMGP9414-768x514.jpg 768w\" sizes=\"auto, (max-width: 1200px) 100vw, 1200px\" \/><\/figure>\n\n\n\n<div class=\"wp-block-group has-global-padding is-layout-constrained wp-block-group-is-layout-constrained\">\n<p>Ozork\u00f3w, ul. Po\u0142udniowa. Tramwaj podmiejski z \u0141odzi za par\u0119set metr\u00f3w doturla si\u0119 do p\u0119tli. 18.02.2011<\/p>\n<\/div>\n","protected":false},"excerpt":{"rendered":"<p>Ozork\u00f3w, ul. Po\u0142udniowa. Tramwaj podmiejski z \u0141odzi za par\u0119set metr\u00f3w doturla si\u0119 do p\u0119tli. 18.02.2011<\/p>\n","protected":false},"author":1,"featured_media":13664,"comment_status":"open","ping_status":"","sticky":false,"template":"","format":"standard","meta":{"footnotes":""},"categories":[77,3],"tags":[866,238,771,1417,1789,27,44,561],"class_list":["post-13663","post","type-post","status-publish","format-standard","has-post-thumbnail","hentry","category-rok-2011","category-tramwaj","tag-2011-02-18","tag-gt8","tag-lodz-linie-podmiejskie","tag-mkt-lodz","tag-ozorkow","tag-polska","tag-snieg","tag-tramwaj-podmiejski"],"_links":{"self":[{"href":"https:\/\/wgphoto.pl\/t\/index.php?rest_route=\/wp\/v2\/posts\/13663","targetHints":{"allow":["GET"]}}],"collection":[{"href":"https:\/\/wgphoto.pl\/t\/index.php?rest_route=\/wp\/v2\/posts"}],"about":[{"href":"https:\/\/wgphoto.pl\/t\/index.php?rest_route=\/wp\/v2\/types\/post"}],"author":[{"embeddable":true,"href":"https:\/\/wgphoto.pl\/t\/index.php?rest_route=\/wp\/v2\/users\/1"}],"replies":[{"embeddable":true,"href":"https:\/\/wgphoto.pl\/t\/index.php?rest_route=%2Fwp%2Fv2%2Fcomments&post=13663"}],"version-history":[{"count":1,"href":"https:\/\/wgphoto.pl\/t\/index.php?rest_route=\/wp\/v2\/posts\/13663\/revisions"}],"predecessor-version":[{"id":13665,"href":"https:\/\/wgphoto.pl\/t\/index.php?rest_route=\/wp\/v2\/posts\/13663\/revisions\/13665"}],"wp:featuredmedia":[{"embeddable":true,"href":"https:\/\/wgphoto.pl\/t\/index.php?rest_route=\/wp\/v2\/media\/13664"}],"wp:attachment":[{"href":"https:\/\/wgphoto.pl\/t\/index.php?rest_route=%2Fwp%2Fv2%2Fmedia&parent=13663"}],"wp:term":[{"taxonomy":"category","embeddable":true,"href":"https:\/\/wgphoto.pl\/t\/index.php?rest_route=%2Fwp%2Fv2%2Fcategories&post=13663"},{"taxonomy":"post_tag","embeddable":true,"href":"https:\/\/wgphoto.pl\/t\/index.php?rest_route=%2Fwp%2Fv2%2Ftags&post=13663"}],"curies":[{"name":"wp","href":"https:\/\/api.w.org\/{rel}","templated":true}]}}