{"id":13666,"date":"2025-03-05T22:11:22","date_gmt":"2025-03-05T21:11:22","guid":{"rendered":"https:\/\/wgphoto.pl\/t\/?p=13666"},"modified":"2025-12-21T20:05:26","modified_gmt":"2025-12-21T19:05:26","slug":"z-nudow-lub-tez-korzystajac-z-okazji","status":"publish","type":"post","link":"https:\/\/wgphoto.pl\/t\/?p=13666","title":{"rendered":"Z nud\u00f3w lub te\u017c korzystaj\u0105c z okazji"},"content":{"rendered":"\n<figure class=\"wp-block-image aligncenter size-full\"><img loading=\"lazy\" decoding=\"async\" width=\"1400\" height=\"927\" src=\"https:\/\/wgphoto.pl\/t\/wp-content\/uploads\/2025\/03\/IMGP6623-1.jpg\" alt=\"\" class=\"wp-image-22475\" srcset=\"https:\/\/wgphoto.pl\/t\/wp-content\/uploads\/2025\/03\/IMGP6623-1.jpg 1400w, https:\/\/wgphoto.pl\/t\/wp-content\/uploads\/2025\/03\/IMGP6623-1-300x199.jpg 300w, https:\/\/wgphoto.pl\/t\/wp-content\/uploads\/2025\/03\/IMGP6623-1-768x509.jpg 768w\" sizes=\"auto, (max-width: 1400px) 100vw, 1400px\" \/><\/figure>\n\n\n\n<div class=\"wp-block-group has-global-padding is-layout-constrained wp-block-group-is-layout-constrained\">\n<p>Jena, Paradiesbr\u00fccke. Foto powsta\u0142o w czasie czekania na poci\u0105g, z peronu przystanku Jena Paradies. 16.08.2016<\/p>\n<\/div>\n","protected":false},"excerpt":{"rendered":"<p>Jena, Paradiesbr\u00fccke. Foto powsta\u0142o w czasie czekania na poci\u0105g, z peronu przystanku Jena Paradies. 16.08.2016<\/p>\n","protected":false},"author":1,"featured_media":22475,"comment_status":"open","ping_status":"","sticky":false,"template":"","format":"standard","meta":{"footnotes":""},"categories":[125,3],"tags":[1263,114,1264,1266,45,23,73,237],"class_list":["post-13666","post","type-post","status-publish","format-standard","has-post-thumbnail","hentry","category-rok-2016","category-tramwaj","tag-2016-08-16","tag-gory","tag-jena","tag-jenah-jena","tag-most","tag-niemcy","tag-rzeka","tag-solaris-tramino"],"_links":{"self":[{"href":"https:\/\/wgphoto.pl\/t\/index.php?rest_route=\/wp\/v2\/posts\/13666","targetHints":{"allow":["GET"]}}],"collection":[{"href":"https:\/\/wgphoto.pl\/t\/index.php?rest_route=\/wp\/v2\/posts"}],"about":[{"href":"https:\/\/wgphoto.pl\/t\/index.php?rest_route=\/wp\/v2\/types\/post"}],"author":[{"embeddable":true,"href":"https:\/\/wgphoto.pl\/t\/index.php?rest_route=\/wp\/v2\/users\/1"}],"replies":[{"embeddable":true,"href":"https:\/\/wgphoto.pl\/t\/index.php?rest_route=%2Fwp%2Fv2%2Fcomments&post=13666"}],"version-history":[{"count":2,"href":"https:\/\/wgphoto.pl\/t\/index.php?rest_route=\/wp\/v2\/posts\/13666\/revisions"}],"predecessor-version":[{"id":22476,"href":"https:\/\/wgphoto.pl\/t\/index.php?rest_route=\/wp\/v2\/posts\/13666\/revisions\/22476"}],"wp:featuredmedia":[{"embeddable":true,"href":"https:\/\/wgphoto.pl\/t\/index.php?rest_route=\/wp\/v2\/media\/22475"}],"wp:attachment":[{"href":"https:\/\/wgphoto.pl\/t\/index.php?rest_route=%2Fwp%2Fv2%2Fmedia&parent=13666"}],"wp:term":[{"taxonomy":"category","embeddable":true,"href":"https:\/\/wgphoto.pl\/t\/index.php?rest_route=%2Fwp%2Fv2%2Fcategories&post=13666"},{"taxonomy":"post_tag","embeddable":true,"href":"https:\/\/wgphoto.pl\/t\/index.php?rest_route=%2Fwp%2Fv2%2Ftags&post=13666"}],"curies":[{"name":"wp","href":"https:\/\/api.w.org\/{rel}","templated":true}]}}