{"id":13669,"date":"2025-03-05T22:12:26","date_gmt":"2025-03-05T21:12:26","guid":{"rendered":"https:\/\/wgphoto.pl\/t\/?p=13669"},"modified":"2025-03-05T22:12:26","modified_gmt":"2025-03-05T21:12:26","slug":"perly-architektury","status":"publish","type":"post","link":"https:\/\/wgphoto.pl\/t\/?p=13669","title":{"rendered":"Per\u0142y architektury"},"content":{"rendered":"\n<figure class=\"wp-block-image aligncenter size-full\"><img loading=\"lazy\" decoding=\"async\" width=\"1200\" height=\"795\" src=\"https:\/\/wgphoto.pl\/t\/wp-content\/uploads\/2025\/03\/IMGP0272.jpg\" alt=\"\" class=\"wp-image-13670\" srcset=\"https:\/\/wgphoto.pl\/t\/wp-content\/uploads\/2025\/03\/IMGP0272.jpg 1200w, https:\/\/wgphoto.pl\/t\/wp-content\/uploads\/2025\/03\/IMGP0272-300x199.jpg 300w, https:\/\/wgphoto.pl\/t\/wp-content\/uploads\/2025\/03\/IMGP0272-768x509.jpg 768w\" sizes=\"auto, (max-width: 1200px) 100vw, 1200px\" \/><\/figure>\n\n\n\n<div class=\"wp-block-group has-global-padding is-layout-constrained wp-block-group-is-layout-constrained\">\n<p>Drezno, Sophienstra\u00dfe. W tle per\u0142y odbudowanego po wojnie starego miasta: z lewej Katedra \u015awi\u0119tej Tr\u00f3jcy, z prawej rezydencja ksi\u0105\u017c\u0105t Saksonii. 29.04.2017<\/p>\n<\/div>\n","protected":false},"excerpt":{"rendered":"<p>Drezno, Sophienstra\u00dfe. W tle per\u0142y odbudowanego po wojnie starego miasta: z lewej Katedra \u015awi\u0119tej Tr\u00f3jcy, z prawej rezydencja ksi\u0105\u017c\u0105t Saksonii. 29.04.2017<\/p>\n","protected":false},"author":1,"featured_media":13670,"comment_status":"open","ping_status":"","sticky":false,"template":"","format":"standard","meta":{"footnotes":""},"categories":[368,3],"tags":[854,34,1126,851,850,787,23],"class_list":["post-13669","post","type-post","status-publish","format-standard","has-post-thumbnail","hentry","category-rok-2017","category-tramwaj","tag-2017-04-29","tag-architektura","tag-bombardier-flexity-classic","tag-drezno","tag-dvb-dresden","tag-majowka-2017-2","tag-niemcy"],"_links":{"self":[{"href":"https:\/\/wgphoto.pl\/t\/index.php?rest_route=\/wp\/v2\/posts\/13669","targetHints":{"allow":["GET"]}}],"collection":[{"href":"https:\/\/wgphoto.pl\/t\/index.php?rest_route=\/wp\/v2\/posts"}],"about":[{"href":"https:\/\/wgphoto.pl\/t\/index.php?rest_route=\/wp\/v2\/types\/post"}],"author":[{"embeddable":true,"href":"https:\/\/wgphoto.pl\/t\/index.php?rest_route=\/wp\/v2\/users\/1"}],"replies":[{"embeddable":true,"href":"https:\/\/wgphoto.pl\/t\/index.php?rest_route=%2Fwp%2Fv2%2Fcomments&post=13669"}],"version-history":[{"count":1,"href":"https:\/\/wgphoto.pl\/t\/index.php?rest_route=\/wp\/v2\/posts\/13669\/revisions"}],"predecessor-version":[{"id":13671,"href":"https:\/\/wgphoto.pl\/t\/index.php?rest_route=\/wp\/v2\/posts\/13669\/revisions\/13671"}],"wp:featuredmedia":[{"embeddable":true,"href":"https:\/\/wgphoto.pl\/t\/index.php?rest_route=\/wp\/v2\/media\/13670"}],"wp:attachment":[{"href":"https:\/\/wgphoto.pl\/t\/index.php?rest_route=%2Fwp%2Fv2%2Fmedia&parent=13669"}],"wp:term":[{"taxonomy":"category","embeddable":true,"href":"https:\/\/wgphoto.pl\/t\/index.php?rest_route=%2Fwp%2Fv2%2Fcategories&post=13669"},{"taxonomy":"post_tag","embeddable":true,"href":"https:\/\/wgphoto.pl\/t\/index.php?rest_route=%2Fwp%2Fv2%2Ftags&post=13669"}],"curies":[{"name":"wp","href":"https:\/\/api.w.org\/{rel}","templated":true}]}}