{"id":13672,"date":"2025-03-05T22:13:39","date_gmt":"2025-03-05T21:13:39","guid":{"rendered":"https:\/\/wgphoto.pl\/t\/?p=13672"},"modified":"2025-03-05T22:13:39","modified_gmt":"2025-03-05T21:13:39","slug":"150-202-0","status":"publish","type":"post","link":"https:\/\/wgphoto.pl\/t\/?p=13672","title":{"rendered":"150 202-0"},"content":{"rendered":"\n<figure class=\"wp-block-image aligncenter size-full\"><img loading=\"lazy\" decoding=\"async\" width=\"1200\" height=\"803\" src=\"https:\/\/wgphoto.pl\/t\/wp-content\/uploads\/2025\/03\/IMGP8245.jpg\" alt=\"\" class=\"wp-image-13673\" srcset=\"https:\/\/wgphoto.pl\/t\/wp-content\/uploads\/2025\/03\/IMGP8245.jpg 1200w, https:\/\/wgphoto.pl\/t\/wp-content\/uploads\/2025\/03\/IMGP8245-300x201.jpg 300w, https:\/\/wgphoto.pl\/t\/wp-content\/uploads\/2025\/03\/IMGP8245-768x514.jpg 768w\" sizes=\"auto, (max-width: 1200px) 100vw, 1200px\" \/><\/figure>\n\n\n\n<div class=\"wp-block-group has-global-padding is-layout-constrained wp-block-group-is-layout-constrained\">\n<p>EC 120 &#8222;Ko\u0161i\u010dan&#8221; z Koszyc do Pragi (obecnie kursuj\u0105cy jako Pendolino) z\u0142apany w jednym z popularnych &#8222;fotomiejsc&#8221; na odcinku Bezpr\u00e1v\u00ed &#8211; Brand\u00fds nad Orlic\u00ed. 11.10.2010<\/p>\n<\/div>\n","protected":false},"excerpt":{"rendered":"<p>EC 120 &#8222;Ko\u0161i\u010dan&#8221; z Koszyc do Pragi (obecnie kursuj\u0105cy jako Pendolino) z\u0142apany w jednym z popularnych &#8222;fotomiejsc&#8221; na odcinku Bezpr\u00e1v\u00ed &#8211; Brand\u00fds nad Orlic\u00ed. 11.10.2010<\/p>\n","protected":false},"author":1,"featured_media":13673,"comment_status":"open","ping_status":"","sticky":false,"template":"","format":"standard","meta":{"footnotes":""},"categories":[2,86],"tags":[657,1715,1713,1714,50,49,114,126,1375],"class_list":["post-13672","post","type-post","status-publish","format-standard","has-post-thumbnail","hentry","category-kolej","category-rok-2010","tag-657","tag-2010-10-11","tag-bezpravi","tag-brandys-nad-orlici","tag-cd","tag-czechy","tag-gory","tag-jesien","tag-tab-cz010"],"_links":{"self":[{"href":"https:\/\/wgphoto.pl\/t\/index.php?rest_route=\/wp\/v2\/posts\/13672","targetHints":{"allow":["GET"]}}],"collection":[{"href":"https:\/\/wgphoto.pl\/t\/index.php?rest_route=\/wp\/v2\/posts"}],"about":[{"href":"https:\/\/wgphoto.pl\/t\/index.php?rest_route=\/wp\/v2\/types\/post"}],"author":[{"embeddable":true,"href":"https:\/\/wgphoto.pl\/t\/index.php?rest_route=\/wp\/v2\/users\/1"}],"replies":[{"embeddable":true,"href":"https:\/\/wgphoto.pl\/t\/index.php?rest_route=%2Fwp%2Fv2%2Fcomments&post=13672"}],"version-history":[{"count":1,"href":"https:\/\/wgphoto.pl\/t\/index.php?rest_route=\/wp\/v2\/posts\/13672\/revisions"}],"predecessor-version":[{"id":13674,"href":"https:\/\/wgphoto.pl\/t\/index.php?rest_route=\/wp\/v2\/posts\/13672\/revisions\/13674"}],"wp:featuredmedia":[{"embeddable":true,"href":"https:\/\/wgphoto.pl\/t\/index.php?rest_route=\/wp\/v2\/media\/13673"}],"wp:attachment":[{"href":"https:\/\/wgphoto.pl\/t\/index.php?rest_route=%2Fwp%2Fv2%2Fmedia&parent=13672"}],"wp:term":[{"taxonomy":"category","embeddable":true,"href":"https:\/\/wgphoto.pl\/t\/index.php?rest_route=%2Fwp%2Fv2%2Fcategories&post=13672"},{"taxonomy":"post_tag","embeddable":true,"href":"https:\/\/wgphoto.pl\/t\/index.php?rest_route=%2Fwp%2Fv2%2Ftags&post=13672"}],"curies":[{"name":"wp","href":"https:\/\/api.w.org\/{rel}","templated":true}]}}