{"id":13675,"date":"2025-03-05T22:14:51","date_gmt":"2025-03-05T21:14:51","guid":{"rendered":"https:\/\/wgphoto.pl\/t\/?p=13675"},"modified":"2025-03-05T22:14:51","modified_gmt":"2025-03-05T21:14:51","slug":"chybiona-ostrosc","status":"publish","type":"post","link":"https:\/\/wgphoto.pl\/t\/?p=13675","title":{"rendered":"Chybiona ostro\u015b\u0107"},"content":{"rendered":"\n<figure class=\"wp-block-image aligncenter size-full\"><img loading=\"lazy\" decoding=\"async\" width=\"1200\" height=\"803\" src=\"https:\/\/wgphoto.pl\/t\/wp-content\/uploads\/2025\/03\/IMGP8632.jpg\" alt=\"\" class=\"wp-image-13676\" srcset=\"https:\/\/wgphoto.pl\/t\/wp-content\/uploads\/2025\/03\/IMGP8632.jpg 1200w, https:\/\/wgphoto.pl\/t\/wp-content\/uploads\/2025\/03\/IMGP8632-300x201.jpg 300w, https:\/\/wgphoto.pl\/t\/wp-content\/uploads\/2025\/03\/IMGP8632-768x514.jpg 768w\" sizes=\"auto, (max-width: 1200px) 100vw, 1200px\" \/><\/figure>\n\n\n\n<div class=\"wp-block-group has-global-padding is-layout-constrained wp-block-group-is-layout-constrained\">\n<p>Wroc\u0142aw, ul. Przyja\u017ani, przystanek S\u0105siedzka. Mia\u0142o by\u0107 zbli\u017cenie na tor w \u015bwietnym stanie, ale nie do\u015b\u0107, \u017ce przed tramwaj wszed\u0142 jaki\u015b typ, to jeszcze skupi\u0142 na sobie ostro\u015b\u0107. Tym niemniej obrazek mi si\u0119 podoba, dzi\u0119ki tym ludziom wyci\u0105gaj\u0105cym r\u0119ce w stron\u0119 tramwaju. 22.10.2010<\/p>\n<\/div>\n","protected":false},"excerpt":{"rendered":"<p>Wroc\u0142aw, ul. Przyja\u017ani, przystanek S\u0105siedzka. Mia\u0142o by\u0107 zbli\u017cenie na tor w \u015bwietnym stanie, ale nie do\u015b\u0107, \u017ce przed tramwaj wszed\u0142 jaki\u015b typ, to jeszcze skupi\u0142 na sobie ostro\u015b\u0107. Tym niemniej obrazek mi si\u0119 podoba, dzi\u0119ki tym ludziom wyci\u0105gaj\u0105cym r\u0119ce w stron\u0119 tramwaju. 22.10.2010<\/p>\n","protected":false},"author":1,"featured_media":13676,"comment_status":"open","ping_status":"","sticky":false,"template":"","format":"standard","meta":{"footnotes":""},"categories":[86,3],"tags":[43,3364,230,126,151,42,118,27,41],"class_list":["post-13675","post","type-post","status-publish","format-standard","has-post-thumbnail","hentry","category-rok-2010","category-tramwaj","tag-105nwr","tag-2010-10-22","tag-infrastruktura","tag-jesien","tag-ludzie","tag-mpk-wroclaw","tag-plany-i-profile","tag-polska","tag-wroclaw"],"_links":{"self":[{"href":"https:\/\/wgphoto.pl\/t\/index.php?rest_route=\/wp\/v2\/posts\/13675","targetHints":{"allow":["GET"]}}],"collection":[{"href":"https:\/\/wgphoto.pl\/t\/index.php?rest_route=\/wp\/v2\/posts"}],"about":[{"href":"https:\/\/wgphoto.pl\/t\/index.php?rest_route=\/wp\/v2\/types\/post"}],"author":[{"embeddable":true,"href":"https:\/\/wgphoto.pl\/t\/index.php?rest_route=\/wp\/v2\/users\/1"}],"replies":[{"embeddable":true,"href":"https:\/\/wgphoto.pl\/t\/index.php?rest_route=%2Fwp%2Fv2%2Fcomments&post=13675"}],"version-history":[{"count":1,"href":"https:\/\/wgphoto.pl\/t\/index.php?rest_route=\/wp\/v2\/posts\/13675\/revisions"}],"predecessor-version":[{"id":13677,"href":"https:\/\/wgphoto.pl\/t\/index.php?rest_route=\/wp\/v2\/posts\/13675\/revisions\/13677"}],"wp:featuredmedia":[{"embeddable":true,"href":"https:\/\/wgphoto.pl\/t\/index.php?rest_route=\/wp\/v2\/media\/13676"}],"wp:attachment":[{"href":"https:\/\/wgphoto.pl\/t\/index.php?rest_route=%2Fwp%2Fv2%2Fmedia&parent=13675"}],"wp:term":[{"taxonomy":"category","embeddable":true,"href":"https:\/\/wgphoto.pl\/t\/index.php?rest_route=%2Fwp%2Fv2%2Fcategories&post=13675"},{"taxonomy":"post_tag","embeddable":true,"href":"https:\/\/wgphoto.pl\/t\/index.php?rest_route=%2Fwp%2Fv2%2Ftags&post=13675"}],"curies":[{"name":"wp","href":"https:\/\/api.w.org\/{rel}","templated":true}]}}