{"id":13678,"date":"2025-03-05T22:16:02","date_gmt":"2025-03-05T21:16:02","guid":{"rendered":"https:\/\/wgphoto.pl\/t\/?p=13678"},"modified":"2025-03-05T22:16:02","modified_gmt":"2025-03-05T21:16:02","slug":"tunel-pod-gora-tunelowa","status":"publish","type":"post","link":"https:\/\/wgphoto.pl\/t\/?p=13678","title":{"rendered":"Tunel pod G\u00f3r\u0105 Tunelow\u0105"},"content":{"rendered":"\n<figure class=\"wp-block-image aligncenter size-full\"><img loading=\"lazy\" decoding=\"async\" width=\"1200\" height=\"795\" src=\"https:\/\/wgphoto.pl\/t\/wp-content\/uploads\/2025\/03\/IMGP1735.jpg\" alt=\"\" class=\"wp-image-13679\" srcset=\"https:\/\/wgphoto.pl\/t\/wp-content\/uploads\/2025\/03\/IMGP1735.jpg 1200w, https:\/\/wgphoto.pl\/t\/wp-content\/uploads\/2025\/03\/IMGP1735-300x199.jpg 300w, https:\/\/wgphoto.pl\/t\/wp-content\/uploads\/2025\/03\/IMGP1735-768x509.jpg 768w\" sizes=\"auto, (max-width: 1200px) 100vw, 1200px\" \/><\/figure>\n\n\n\n<div class=\"wp-block-group has-global-padding is-layout-constrained wp-block-group-is-layout-constrained\">\n<p>Osobowy z Wroc\u0142awia do Szklarskiej Por\u0119by G\u00f3rnej wje\u017cd\u017ca do tunelu pod G\u00f3r\u0105 Tunelow\u0105 (445 m n.p.m.) mi\u0119dzy Trzci\u0144skiem i Wojanowem. 16.10.2018<\/p>\n<\/div>\n","protected":false},"excerpt":{"rendered":"<p>Osobowy z Wroc\u0142awia do Szklarskiej Por\u0119by G\u00f3rnej wje\u017cd\u017ca do tunelu pod G\u00f3r\u0105 Tunelow\u0105 (445 m n.p.m.) mi\u0119dzy Trzci\u0144skiem i Wojanowem. 16.10.2018<\/p>\n","protected":false},"author":1,"featured_media":13679,"comment_status":"open","ping_status":"","sticky":false,"template":"","format":"standard","meta":{"footnotes":""},"categories":[2,156],"tags":[2044,499,126,402,1606,173,404,27,200,2828,15,781],"class_list":["post-13678","post","type-post","status-publish","format-standard","has-post-thumbnail","hentry","category-kolej","category-rok-2018","tag-2018-10-16","tag-45we","tag-jesien","tag-kd","tag-koleje-dolnoslaskie","tag-koncowki","tag-newag-impuls","tag-polska","tag-tab-pl240","tag-trzcinsko","tag-tunel","tag-wojanow"],"_links":{"self":[{"href":"https:\/\/wgphoto.pl\/t\/index.php?rest_route=\/wp\/v2\/posts\/13678","targetHints":{"allow":["GET"]}}],"collection":[{"href":"https:\/\/wgphoto.pl\/t\/index.php?rest_route=\/wp\/v2\/posts"}],"about":[{"href":"https:\/\/wgphoto.pl\/t\/index.php?rest_route=\/wp\/v2\/types\/post"}],"author":[{"embeddable":true,"href":"https:\/\/wgphoto.pl\/t\/index.php?rest_route=\/wp\/v2\/users\/1"}],"replies":[{"embeddable":true,"href":"https:\/\/wgphoto.pl\/t\/index.php?rest_route=%2Fwp%2Fv2%2Fcomments&post=13678"}],"version-history":[{"count":1,"href":"https:\/\/wgphoto.pl\/t\/index.php?rest_route=\/wp\/v2\/posts\/13678\/revisions"}],"predecessor-version":[{"id":13680,"href":"https:\/\/wgphoto.pl\/t\/index.php?rest_route=\/wp\/v2\/posts\/13678\/revisions\/13680"}],"wp:featuredmedia":[{"embeddable":true,"href":"https:\/\/wgphoto.pl\/t\/index.php?rest_route=\/wp\/v2\/media\/13679"}],"wp:attachment":[{"href":"https:\/\/wgphoto.pl\/t\/index.php?rest_route=%2Fwp%2Fv2%2Fmedia&parent=13678"}],"wp:term":[{"taxonomy":"category","embeddable":true,"href":"https:\/\/wgphoto.pl\/t\/index.php?rest_route=%2Fwp%2Fv2%2Fcategories&post=13678"},{"taxonomy":"post_tag","embeddable":true,"href":"https:\/\/wgphoto.pl\/t\/index.php?rest_route=%2Fwp%2Fv2%2Ftags&post=13678"}],"curies":[{"name":"wp","href":"https:\/\/api.w.org\/{rel}","templated":true}]}}