{"id":13681,"date":"2025-03-05T22:17:28","date_gmt":"2025-03-05T21:17:28","guid":{"rendered":"https:\/\/wgphoto.pl\/t\/?p=13681"},"modified":"2025-03-05T22:17:28","modified_gmt":"2025-03-05T21:17:28","slug":"cztery-smutne-dwojki","status":"publish","type":"post","link":"https:\/\/wgphoto.pl\/t\/?p=13681","title":{"rendered":"Cztery smutne dw\u00f3jki"},"content":{"rendered":"\n<figure class=\"wp-block-image aligncenter size-full\"><img loading=\"lazy\" decoding=\"async\" width=\"1200\" height=\"795\" src=\"https:\/\/wgphoto.pl\/t\/wp-content\/uploads\/2025\/03\/IMGP5240-1.jpg\" alt=\"\" class=\"wp-image-13682\" srcset=\"https:\/\/wgphoto.pl\/t\/wp-content\/uploads\/2025\/03\/IMGP5240-1.jpg 1200w, https:\/\/wgphoto.pl\/t\/wp-content\/uploads\/2025\/03\/IMGP5240-1-300x199.jpg 300w, https:\/\/wgphoto.pl\/t\/wp-content\/uploads\/2025\/03\/IMGP5240-1-768x509.jpg 768w\" sizes=\"auto, (max-width: 1200px) 100vw, 1200px\" \/><\/figure>\n\n\n\n<div class=\"wp-block-group has-global-padding is-layout-constrained wp-block-group-is-layout-constrained\">\n<p>Stopi\u0105tka o najbardziej charakterystycznym numerze odstawiona na terenie zajezdni O\u0142bin we Wroc\u0142awiu. 27.09.2019<\/p>\n<\/div>\n","protected":false},"excerpt":{"rendered":"<p>Stopi\u0105tka o najbardziej charakterystycznym numerze odstawiona na terenie zajezdni O\u0142bin we Wroc\u0142awiu. 27.09.2019<\/p>\n","protected":false},"author":1,"featured_media":13682,"comment_status":"open","ping_status":"","sticky":false,"template":"","format":"standard","meta":{"footnotes":""},"categories":[220,136,3],"tags":[155,3365,3104,42,27,138],"class_list":["post-13681","post","type-post","status-publish","format-standard","has-post-thumbnail","hentry","category-blo","category-rok-2019","category-tramwaj","tag-105na","tag-2019-09-27","tag-kasacja","tag-mpk-wroclaw","tag-polska","tag-zajezdnia"],"_links":{"self":[{"href":"https:\/\/wgphoto.pl\/t\/index.php?rest_route=\/wp\/v2\/posts\/13681","targetHints":{"allow":["GET"]}}],"collection":[{"href":"https:\/\/wgphoto.pl\/t\/index.php?rest_route=\/wp\/v2\/posts"}],"about":[{"href":"https:\/\/wgphoto.pl\/t\/index.php?rest_route=\/wp\/v2\/types\/post"}],"author":[{"embeddable":true,"href":"https:\/\/wgphoto.pl\/t\/index.php?rest_route=\/wp\/v2\/users\/1"}],"replies":[{"embeddable":true,"href":"https:\/\/wgphoto.pl\/t\/index.php?rest_route=%2Fwp%2Fv2%2Fcomments&post=13681"}],"version-history":[{"count":1,"href":"https:\/\/wgphoto.pl\/t\/index.php?rest_route=\/wp\/v2\/posts\/13681\/revisions"}],"predecessor-version":[{"id":13683,"href":"https:\/\/wgphoto.pl\/t\/index.php?rest_route=\/wp\/v2\/posts\/13681\/revisions\/13683"}],"wp:featuredmedia":[{"embeddable":true,"href":"https:\/\/wgphoto.pl\/t\/index.php?rest_route=\/wp\/v2\/media\/13682"}],"wp:attachment":[{"href":"https:\/\/wgphoto.pl\/t\/index.php?rest_route=%2Fwp%2Fv2%2Fmedia&parent=13681"}],"wp:term":[{"taxonomy":"category","embeddable":true,"href":"https:\/\/wgphoto.pl\/t\/index.php?rest_route=%2Fwp%2Fv2%2Fcategories&post=13681"},{"taxonomy":"post_tag","embeddable":true,"href":"https:\/\/wgphoto.pl\/t\/index.php?rest_route=%2Fwp%2Fv2%2Ftags&post=13681"}],"curies":[{"name":"wp","href":"https:\/\/api.w.org\/{rel}","templated":true}]}}