{"id":13684,"date":"2025-03-05T22:18:37","date_gmt":"2025-03-05T21:18:37","guid":{"rendered":"https:\/\/wgphoto.pl\/t\/?p=13684"},"modified":"2025-03-05T22:18:37","modified_gmt":"2025-03-05T21:18:37","slug":"nie-od-razu-krakow-zbudowano-2","status":"publish","type":"post","link":"https:\/\/wgphoto.pl\/t\/?p=13684","title":{"rendered":"Nie od razu Krak\u00f3w zbudowano"},"content":{"rendered":"\n<figure class=\"wp-block-image aligncenter size-full\"><img loading=\"lazy\" decoding=\"async\" width=\"1200\" height=\"795\" src=\"https:\/\/wgphoto.pl\/t\/wp-content\/uploads\/2025\/03\/IMGP5223.jpg\" alt=\"\" class=\"wp-image-13685\" srcset=\"https:\/\/wgphoto.pl\/t\/wp-content\/uploads\/2025\/03\/IMGP5223.jpg 1200w, https:\/\/wgphoto.pl\/t\/wp-content\/uploads\/2025\/03\/IMGP5223-300x199.jpg 300w, https:\/\/wgphoto.pl\/t\/wp-content\/uploads\/2025\/03\/IMGP5223-768x509.jpg 768w\" sizes=\"auto, (max-width: 1200px) 100vw, 1200px\" \/><\/figure>\n\n\n\n<div class=\"wp-block-group has-global-padding is-layout-constrained wp-block-group-is-layout-constrained\">\n<p>EU07-324 prowadzi poci\u0105g IC 205 do Bohum\u00edna (wagony bezpo\u015brednie do Wiednia) jad\u0105c przez &#8222;w\u0105skie gard\u0142o&#8221; krakowskiego w\u0119z\u0142a kolejowego na wyje\u017adzie z dworca g\u0142\u00f3wnego na wsch\u00f3d. Podzi\u0119kowania dla przewodnika za wskazanie \u015bwietnej miejsc\u00f3wki! 22.09.2019<\/p>\n<\/div>\n","protected":false},"excerpt":{"rendered":"<p>EU07-324 prowadzi poci\u0105g IC 205 do Bohum\u00edna (wagony bezpo\u015brednie do Wiednia) jad\u0105c przez &#8222;w\u0105skie gard\u0142o&#8221; krakowskiego w\u0119z\u0142a kolejowego na wyje\u017adzie z dworca g\u0142\u00f3wnego na wsch\u00f3d. Podzi\u0119kowania dla przewodnika za wskazanie \u015bwietnej miejsc\u00f3wki! 22.09.2019<\/p>\n","protected":false},"author":1,"featured_media":13685,"comment_status":"open","ping_status":"","sticky":false,"template":"","format":"standard","meta":{"footnotes":""},"categories":[2,136],"tags":[3367,745,122,664,2309,3366,63,27,2225],"class_list":["post-13684","post","type-post","status-publish","format-standard","has-post-thumbnail","hentry","category-kolej","category-rok-2019","tag-2019-09-22","tag-budowa","tag-eu07","tag-krakow","tag-krakow-glowny","tag-krakow-zablocie","tag-pkp","tag-polska","tag-tab-pl120"],"_links":{"self":[{"href":"https:\/\/wgphoto.pl\/t\/index.php?rest_route=\/wp\/v2\/posts\/13684","targetHints":{"allow":["GET"]}}],"collection":[{"href":"https:\/\/wgphoto.pl\/t\/index.php?rest_route=\/wp\/v2\/posts"}],"about":[{"href":"https:\/\/wgphoto.pl\/t\/index.php?rest_route=\/wp\/v2\/types\/post"}],"author":[{"embeddable":true,"href":"https:\/\/wgphoto.pl\/t\/index.php?rest_route=\/wp\/v2\/users\/1"}],"replies":[{"embeddable":true,"href":"https:\/\/wgphoto.pl\/t\/index.php?rest_route=%2Fwp%2Fv2%2Fcomments&post=13684"}],"version-history":[{"count":1,"href":"https:\/\/wgphoto.pl\/t\/index.php?rest_route=\/wp\/v2\/posts\/13684\/revisions"}],"predecessor-version":[{"id":13686,"href":"https:\/\/wgphoto.pl\/t\/index.php?rest_route=\/wp\/v2\/posts\/13684\/revisions\/13686"}],"wp:featuredmedia":[{"embeddable":true,"href":"https:\/\/wgphoto.pl\/t\/index.php?rest_route=\/wp\/v2\/media\/13685"}],"wp:attachment":[{"href":"https:\/\/wgphoto.pl\/t\/index.php?rest_route=%2Fwp%2Fv2%2Fmedia&parent=13684"}],"wp:term":[{"taxonomy":"category","embeddable":true,"href":"https:\/\/wgphoto.pl\/t\/index.php?rest_route=%2Fwp%2Fv2%2Fcategories&post=13684"},{"taxonomy":"post_tag","embeddable":true,"href":"https:\/\/wgphoto.pl\/t\/index.php?rest_route=%2Fwp%2Fv2%2Ftags&post=13684"}],"curies":[{"name":"wp","href":"https:\/\/api.w.org\/{rel}","templated":true}]}}