{"id":13687,"date":"2025-03-05T22:19:37","date_gmt":"2025-03-05T21:19:37","guid":{"rendered":"https:\/\/wgphoto.pl\/t\/?p=13687"},"modified":"2025-03-05T22:19:37","modified_gmt":"2025-03-05T21:19:37","slug":"nieplanowany-autoportret","status":"publish","type":"post","link":"https:\/\/wgphoto.pl\/t\/?p=13687","title":{"rendered":"Nieplanowany autoportret"},"content":{"rendered":"\n<figure class=\"wp-block-image aligncenter size-full\"><img loading=\"lazy\" decoding=\"async\" width=\"1200\" height=\"800\" src=\"https:\/\/wgphoto.pl\/t\/wp-content\/uploads\/2025\/03\/0511-08.jpg\" alt=\"\" class=\"wp-image-13688\" srcset=\"https:\/\/wgphoto.pl\/t\/wp-content\/uploads\/2025\/03\/0511-08.jpg 1200w, https:\/\/wgphoto.pl\/t\/wp-content\/uploads\/2025\/03\/0511-08-300x200.jpg 300w, https:\/\/wgphoto.pl\/t\/wp-content\/uploads\/2025\/03\/0511-08-768x512.jpg 768w\" sizes=\"auto, (max-width: 1200px) 100vw, 1200px\" \/><\/figure>\n\n\n\n<div class=\"wp-block-group has-global-padding is-layout-constrained wp-block-group-is-layout-constrained\">\n<p>Wroc\u0142aw, ul. Osobowicka. Sk\u0142ad 2520+2519 za nieca\u0142e dwie minuty zako\u0144czy kurs na p\u0119tli Osobowice, kt\u00f3ra ma si\u0119 nijak do trasy linii 3. Tr\u00f3jk\u0119 skierowano tutaj w zwi\u0105zku z remontem pl. Jana Paw\u0142a II. 19.05.2005<\/p>\n<\/div>\n","protected":false},"excerpt":{"rendered":"<p>Wroc\u0142aw, ul. Osobowicka. Sk\u0142ad 2520+2519 za nieca\u0142e dwie minuty zako\u0144czy kurs na p\u0119tli Osobowice, kt\u00f3ra ma si\u0119 nijak do trasy linii 3. Tr\u00f3jk\u0119 skierowano tutaj w zwi\u0105zku z remontem pl. Jana Paw\u0142a II. 19.05.2005<\/p>\n","protected":false},"author":1,"featured_media":13688,"comment_status":"open","ping_status":"","sticky":false,"template":"","format":"standard","meta":{"footnotes":""},"categories":[62,311,3],"tags":[155,3368,42,27,41],"class_list":["post-13687","post","type-post","status-publish","format-standard","has-post-thumbnail","hentry","category-analog","category-rok-2005","category-tramwaj","tag-105na","tag-2005-05-19","tag-mpk-wroclaw","tag-polska","tag-wroclaw"],"_links":{"self":[{"href":"https:\/\/wgphoto.pl\/t\/index.php?rest_route=\/wp\/v2\/posts\/13687","targetHints":{"allow":["GET"]}}],"collection":[{"href":"https:\/\/wgphoto.pl\/t\/index.php?rest_route=\/wp\/v2\/posts"}],"about":[{"href":"https:\/\/wgphoto.pl\/t\/index.php?rest_route=\/wp\/v2\/types\/post"}],"author":[{"embeddable":true,"href":"https:\/\/wgphoto.pl\/t\/index.php?rest_route=\/wp\/v2\/users\/1"}],"replies":[{"embeddable":true,"href":"https:\/\/wgphoto.pl\/t\/index.php?rest_route=%2Fwp%2Fv2%2Fcomments&post=13687"}],"version-history":[{"count":1,"href":"https:\/\/wgphoto.pl\/t\/index.php?rest_route=\/wp\/v2\/posts\/13687\/revisions"}],"predecessor-version":[{"id":13689,"href":"https:\/\/wgphoto.pl\/t\/index.php?rest_route=\/wp\/v2\/posts\/13687\/revisions\/13689"}],"wp:featuredmedia":[{"embeddable":true,"href":"https:\/\/wgphoto.pl\/t\/index.php?rest_route=\/wp\/v2\/media\/13688"}],"wp:attachment":[{"href":"https:\/\/wgphoto.pl\/t\/index.php?rest_route=%2Fwp%2Fv2%2Fmedia&parent=13687"}],"wp:term":[{"taxonomy":"category","embeddable":true,"href":"https:\/\/wgphoto.pl\/t\/index.php?rest_route=%2Fwp%2Fv2%2Fcategories&post=13687"},{"taxonomy":"post_tag","embeddable":true,"href":"https:\/\/wgphoto.pl\/t\/index.php?rest_route=%2Fwp%2Fv2%2Ftags&post=13687"}],"curies":[{"name":"wp","href":"https:\/\/api.w.org\/{rel}","templated":true}]}}