{"id":13703,"date":"2025-03-05T22:25:33","date_gmt":"2025-03-05T21:25:33","guid":{"rendered":"https:\/\/wgphoto.pl\/t\/?p=13703"},"modified":"2025-03-05T22:25:33","modified_gmt":"2025-03-05T21:25:33","slug":"notec-w-wieleniu","status":"publish","type":"post","link":"https:\/\/wgphoto.pl\/t\/?p=13703","title":{"rendered":"&#8222;Note\u0107&#8221; w Wieleniu"},"content":{"rendered":"\n<figure class=\"wp-block-image aligncenter size-full\"><img loading=\"lazy\" decoding=\"async\" width=\"1200\" height=\"800\" src=\"https:\/\/wgphoto.pl\/t\/wp-content\/uploads\/2025\/03\/0527-13.jpg\" alt=\"\" class=\"wp-image-13704\" srcset=\"https:\/\/wgphoto.pl\/t\/wp-content\/uploads\/2025\/03\/0527-13.jpg 1200w, https:\/\/wgphoto.pl\/t\/wp-content\/uploads\/2025\/03\/0527-13-300x200.jpg 300w, https:\/\/wgphoto.pl\/t\/wp-content\/uploads\/2025\/03\/0527-13-768x512.jpg 768w\" sizes=\"auto, (max-width: 1200px) 100vw, 1200px\" \/><\/figure>\n\n\n\n<div class=\"wp-block-group has-global-padding is-layout-constrained wp-block-group-is-layout-constrained\">\n<p>Wiele\u0144 P\u00f3\u0142nocny. SU45-240 prowadzi poci\u0105g pospieszny 28101 &#8222;Note\u0107&#8221; z Lublina do Kostrzyna. 16.09.2005<\/p>\n<\/div>\n","protected":false},"excerpt":{"rendered":"<p>Wiele\u0144 P\u00f3\u0142nocny. SU45-240 prowadzi poci\u0105g pospieszny 28101 &#8222;Note\u0107&#8221; z Lublina do Kostrzyna. 16.09.2005<\/p>\n","protected":false},"author":1,"featured_media":13704,"comment_status":"open","ping_status":"","sticky":false,"template":"","format":"standard","meta":{"footnotes":""},"categories":[62,2,311],"tags":[596,13,595,63,27,290,53,594,1803],"class_list":["post-13703","post","type-post","status-publish","format-standard","has-post-thumbnail","hentry","category-analog","category-kolej","category-rok-2005","tag-2005-09-16","tag-deszcz","tag-ostbahn","tag-pkp","tag-polska","tag-su45","tag-sygnalizacja-ksztaltowa","tag-tab-pl345","tag-wielen-polnocny"],"_links":{"self":[{"href":"https:\/\/wgphoto.pl\/t\/index.php?rest_route=\/wp\/v2\/posts\/13703","targetHints":{"allow":["GET"]}}],"collection":[{"href":"https:\/\/wgphoto.pl\/t\/index.php?rest_route=\/wp\/v2\/posts"}],"about":[{"href":"https:\/\/wgphoto.pl\/t\/index.php?rest_route=\/wp\/v2\/types\/post"}],"author":[{"embeddable":true,"href":"https:\/\/wgphoto.pl\/t\/index.php?rest_route=\/wp\/v2\/users\/1"}],"replies":[{"embeddable":true,"href":"https:\/\/wgphoto.pl\/t\/index.php?rest_route=%2Fwp%2Fv2%2Fcomments&post=13703"}],"version-history":[{"count":1,"href":"https:\/\/wgphoto.pl\/t\/index.php?rest_route=\/wp\/v2\/posts\/13703\/revisions"}],"predecessor-version":[{"id":13705,"href":"https:\/\/wgphoto.pl\/t\/index.php?rest_route=\/wp\/v2\/posts\/13703\/revisions\/13705"}],"wp:featuredmedia":[{"embeddable":true,"href":"https:\/\/wgphoto.pl\/t\/index.php?rest_route=\/wp\/v2\/media\/13704"}],"wp:attachment":[{"href":"https:\/\/wgphoto.pl\/t\/index.php?rest_route=%2Fwp%2Fv2%2Fmedia&parent=13703"}],"wp:term":[{"taxonomy":"category","embeddable":true,"href":"https:\/\/wgphoto.pl\/t\/index.php?rest_route=%2Fwp%2Fv2%2Fcategories&post=13703"},{"taxonomy":"post_tag","embeddable":true,"href":"https:\/\/wgphoto.pl\/t\/index.php?rest_route=%2Fwp%2Fv2%2Ftags&post=13703"}],"curies":[{"name":"wp","href":"https:\/\/api.w.org\/{rel}","templated":true}]}}