{"id":13716,"date":"2025-03-07T16:40:47","date_gmt":"2025-03-07T15:40:47","guid":{"rendered":"https:\/\/wgphoto.pl\/t\/?p=13716"},"modified":"2025-03-07T16:40:47","modified_gmt":"2025-03-07T15:40:47","slug":"wladyslaw-jest-dziewczynka","status":"publish","type":"post","link":"https:\/\/wgphoto.pl\/t\/?p=13716","title":{"rendered":"W\u0142adys\u0142aw jest dziewczynk\u0105"},"content":{"rendered":"\n<figure class=\"wp-block-image aligncenter size-full\"><img loading=\"lazy\" decoding=\"async\" width=\"1024\" height=\"683\" src=\"https:\/\/wgphoto.pl\/t\/wp-content\/uploads\/2025\/03\/IMGP8002.jpg\" alt=\"\" class=\"wp-image-13717\" srcset=\"https:\/\/wgphoto.pl\/t\/wp-content\/uploads\/2025\/03\/IMGP8002.jpg 1024w, https:\/\/wgphoto.pl\/t\/wp-content\/uploads\/2025\/03\/IMGP8002-300x200.jpg 300w, https:\/\/wgphoto.pl\/t\/wp-content\/uploads\/2025\/03\/IMGP8002-768x512.jpg 768w\" sizes=\"auto, (max-width: 1024px) 100vw, 1024px\" \/><\/figure>\n\n\n\n<div class=\"wp-block-group has-global-padding is-layout-constrained wp-block-group-is-layout-constrained\">\n<p>Wagon motorowy 842 014-3 z poci\u0105giem osobowym 4814 relacji Brno hl.n. &#8211; Ok\u0159\u00ed\u0161ky mija bez zatrzymania stacj\u0119 techniczn\u0105 Vladislav. Nazwa ta, kt\u00f3ra po polsku kojarzy\u0142aby si\u0119 raczej z W\u0142adys\u0142awem, w j\u0119zyku czeskim (w odniesieniu do nazwy miejscowo\u015bci &#8211; bo funkcjonuje tak\u017ce jako m\u0119skie imi\u0119) jest rodzaju \u017ce\u0144skiego, podobnie jak B\u0159eclav czy Wroclaw, a nawet Pozna\u0148, na tej samej zasadzie, kt\u00f3ra nadaje w j\u0119zyku polskim rodzaj \u017ce\u0144ski Bydgoszczy. 16.09.2010<\/p>\n<\/div>\n","protected":false},"excerpt":{"rendered":"<p>Wagon motorowy 842 014-3 z poci\u0105giem osobowym 4814 relacji Brno hl.n. &#8211; Ok\u0159\u00ed\u0161ky mija bez zatrzymania stacj\u0119 techniczn\u0105 Vladislav. Nazwa ta, kt\u00f3ra po polsku kojarzy\u0142aby si\u0119 raczej z W\u0142adys\u0142awem, w j\u0119zyku czeskim (w odniesieniu do nazwy miejscowo\u015bci &#8211; bo funkcjonuje tak\u017ce jako m\u0119skie imi\u0119) jest rodzaju \u017ce\u0144skiego, podobnie jak B\u0159eclav czy Wroclaw, a nawet Pozna\u0148, [&hellip;]<\/p>\n","protected":false},"author":1,"featured_media":13717,"comment_status":"open","ping_status":"","sticky":false,"template":"","format":"standard","meta":{"footnotes":""},"categories":[2,86],"tags":[3115,525,50,49,1354,1353],"class_list":["post-13716","post","type-post","status-publish","format-standard","has-post-thumbnail","hentry","category-kolej","category-rok-2010","tag-2010-09-16","tag-525","tag-cd","tag-czechy","tag-tab-cz240","tag-vladislav"],"_links":{"self":[{"href":"https:\/\/wgphoto.pl\/t\/index.php?rest_route=\/wp\/v2\/posts\/13716","targetHints":{"allow":["GET"]}}],"collection":[{"href":"https:\/\/wgphoto.pl\/t\/index.php?rest_route=\/wp\/v2\/posts"}],"about":[{"href":"https:\/\/wgphoto.pl\/t\/index.php?rest_route=\/wp\/v2\/types\/post"}],"author":[{"embeddable":true,"href":"https:\/\/wgphoto.pl\/t\/index.php?rest_route=\/wp\/v2\/users\/1"}],"replies":[{"embeddable":true,"href":"https:\/\/wgphoto.pl\/t\/index.php?rest_route=%2Fwp%2Fv2%2Fcomments&post=13716"}],"version-history":[{"count":1,"href":"https:\/\/wgphoto.pl\/t\/index.php?rest_route=\/wp\/v2\/posts\/13716\/revisions"}],"predecessor-version":[{"id":13718,"href":"https:\/\/wgphoto.pl\/t\/index.php?rest_route=\/wp\/v2\/posts\/13716\/revisions\/13718"}],"wp:featuredmedia":[{"embeddable":true,"href":"https:\/\/wgphoto.pl\/t\/index.php?rest_route=\/wp\/v2\/media\/13717"}],"wp:attachment":[{"href":"https:\/\/wgphoto.pl\/t\/index.php?rest_route=%2Fwp%2Fv2%2Fmedia&parent=13716"}],"wp:term":[{"taxonomy":"category","embeddable":true,"href":"https:\/\/wgphoto.pl\/t\/index.php?rest_route=%2Fwp%2Fv2%2Fcategories&post=13716"},{"taxonomy":"post_tag","embeddable":true,"href":"https:\/\/wgphoto.pl\/t\/index.php?rest_route=%2Fwp%2Fv2%2Ftags&post=13716"}],"curies":[{"name":"wp","href":"https:\/\/api.w.org\/{rel}","templated":true}]}}