{"id":13722,"date":"2025-03-07T16:42:40","date_gmt":"2025-03-07T15:42:40","guid":{"rendered":"https:\/\/wgphoto.pl\/t\/?p=13722"},"modified":"2025-03-07T16:42:40","modified_gmt":"2025-03-07T15:42:40","slug":"katy-nad-desna-2","status":"publish","type":"post","link":"https:\/\/wgphoto.pl\/t\/?p=13722","title":{"rendered":"K\u0105ty nad Desn\u0105 (2)"},"content":{"rendered":"\n<figure class=\"wp-block-image aligncenter size-full\"><img loading=\"lazy\" decoding=\"async\" width=\"1024\" height=\"683\" src=\"https:\/\/wgphoto.pl\/t\/wp-content\/uploads\/2025\/03\/IMGP0006.jpg\" alt=\"\" class=\"wp-image-13723\" srcset=\"https:\/\/wgphoto.pl\/t\/wp-content\/uploads\/2025\/03\/IMGP0006.jpg 1024w, https:\/\/wgphoto.pl\/t\/wp-content\/uploads\/2025\/03\/IMGP0006-300x200.jpg 300w, https:\/\/wgphoto.pl\/t\/wp-content\/uploads\/2025\/03\/IMGP0006-768x512.jpg 768w\" sizes=\"auto, (max-width: 1024px) 100vw, 1024px\" \/><\/figure>\n\n\n\n<div class=\"wp-block-group has-global-padding is-layout-constrained wp-block-group-is-layout-constrained\">\n<p>Kouty nad Desnou. Lokalny przewo\u017anik \u017deleznice Desn\u00e1, nale\u017c\u0105cy do grupy Veolia, operuje na dw\u00f3ch lokalkach w dolinie rzeki Desnej u podn\u00f3\u017cy Wysokiego Jesionika. Infrastruktur\u0119 oraz przewozy przekazano w prywatne r\u0119ce po odbudowie szk\u00f3d popowodziowych z 1997 roku. 01.04.2011<\/p>\n<\/div>\n","protected":false},"excerpt":{"rendered":"<p>Kouty nad Desnou. Lokalny przewo\u017anik \u017deleznice Desn\u00e1, nale\u017c\u0105cy do grupy Veolia, operuje na dw\u00f3ch lokalkach w dolinie rzeki Desnej u podn\u00f3\u017cy Wysokiego Jesionika. Infrastruktur\u0119 oraz przewozy przekazano w prywatne r\u0119ce po odbudowie szk\u00f3d popowodziowych z 1997 roku. 01.04.2011<\/p>\n","protected":false},"author":1,"featured_media":13723,"comment_status":"open","ping_status":"","sticky":false,"template":"","format":"standard","meta":{"footnotes":""},"categories":[2,77],"tags":[2375,211,49,3373,94,3259,3260],"class_list":["post-13722","post","type-post","status-publish","format-standard","has-post-thumbnail","hentry","category-kolej","category-rok-2011","tag-2011-04-01","tag-211","tag-czechy","tag-kouty-nad-desnou","tag-na-kolejowym-koncu-swiata","tag-tab-cz291","tag-zeleznice-desna"],"_links":{"self":[{"href":"https:\/\/wgphoto.pl\/t\/index.php?rest_route=\/wp\/v2\/posts\/13722","targetHints":{"allow":["GET"]}}],"collection":[{"href":"https:\/\/wgphoto.pl\/t\/index.php?rest_route=\/wp\/v2\/posts"}],"about":[{"href":"https:\/\/wgphoto.pl\/t\/index.php?rest_route=\/wp\/v2\/types\/post"}],"author":[{"embeddable":true,"href":"https:\/\/wgphoto.pl\/t\/index.php?rest_route=\/wp\/v2\/users\/1"}],"replies":[{"embeddable":true,"href":"https:\/\/wgphoto.pl\/t\/index.php?rest_route=%2Fwp%2Fv2%2Fcomments&post=13722"}],"version-history":[{"count":1,"href":"https:\/\/wgphoto.pl\/t\/index.php?rest_route=\/wp\/v2\/posts\/13722\/revisions"}],"predecessor-version":[{"id":13724,"href":"https:\/\/wgphoto.pl\/t\/index.php?rest_route=\/wp\/v2\/posts\/13722\/revisions\/13724"}],"wp:featuredmedia":[{"embeddable":true,"href":"https:\/\/wgphoto.pl\/t\/index.php?rest_route=\/wp\/v2\/media\/13723"}],"wp:attachment":[{"href":"https:\/\/wgphoto.pl\/t\/index.php?rest_route=%2Fwp%2Fv2%2Fmedia&parent=13722"}],"wp:term":[{"taxonomy":"category","embeddable":true,"href":"https:\/\/wgphoto.pl\/t\/index.php?rest_route=%2Fwp%2Fv2%2Fcategories&post=13722"},{"taxonomy":"post_tag","embeddable":true,"href":"https:\/\/wgphoto.pl\/t\/index.php?rest_route=%2Fwp%2Fv2%2Ftags&post=13722"}],"curies":[{"name":"wp","href":"https:\/\/api.w.org\/{rel}","templated":true}]}}