{"id":13749,"date":"2025-03-07T16:59:18","date_gmt":"2025-03-07T15:59:18","guid":{"rendered":"https:\/\/wgphoto.pl\/t\/?p=13749"},"modified":"2025-03-07T16:59:18","modified_gmt":"2025-03-07T15:59:18","slug":"ne-vstopaj","status":"publish","type":"post","link":"https:\/\/wgphoto.pl\/t\/?p=13749","title":{"rendered":"Ne vstopaj"},"content":{"rendered":"\n<figure class=\"wp-block-image aligncenter size-full\"><img loading=\"lazy\" decoding=\"async\" width=\"1200\" height=\"800\" src=\"https:\/\/wgphoto.pl\/t\/wp-content\/uploads\/2025\/03\/IMGP1520.jpg\" alt=\"\" class=\"wp-image-13750\" srcset=\"https:\/\/wgphoto.pl\/t\/wp-content\/uploads\/2025\/03\/IMGP1520.jpg 1200w, https:\/\/wgphoto.pl\/t\/wp-content\/uploads\/2025\/03\/IMGP1520-300x200.jpg 300w, https:\/\/wgphoto.pl\/t\/wp-content\/uploads\/2025\/03\/IMGP1520-768x512.jpg 768w\" sizes=\"auto, (max-width: 1200px) 100vw, 1200px\" \/><\/figure>\n\n\n\n<div class=\"wp-block-group has-global-padding is-layout-constrained wp-block-group-is-layout-constrained\">\n<p>Bardziej pogl\u0105dowe foto na dworzec g\u0142\u00f3wny w stolicy S\u0142owenii. Architektura wiat peronowych nie powala (swoj\u0105 drog\u0105 bardzo podobna do Sarajewa), a uk\u0142ad dworca przypomina Krak\u00f3w G\u0142\u00f3wny, gdzie doj\u015bcie do zabytkowego budynku, stoj\u0105cego z dala od peron\u00f3w, mo\u017cliwe jest tunelem ala lata 80-te i nast\u0119pnie d\u0142uga\u015bnym zadaszonym peronem. Mo\u017ce to i kiedy\u015b by\u0142a oznaka nowoczesno\u015bci, ale z dzisiejszego punktu widzenia taka organizacja doj\u015b\u0107 na perony jest bardzo niefunkcjonalna. Zw\u0142aszcza gdy pomy\u015blimy o tym, \u017ce dworzec zbudowano w &#8222;kompaktowym&#8221; stylu austrow\u0119gierskim. Je\u015bli za\u015b chodzi o tabor &#8211; znakiem rozpoznawczym s\u0142owe\u0144skich kolei s\u0105 takie oto pomazane elektryczne Desira w wersji dwu- lub trzycz\u0142onowej, obs\u0142uguj\u0105ce zazwyczaj poci\u0105gi osobowe. 16.08.2015<\/p>\n<\/div>\n","protected":false},"excerpt":{"rendered":"<p>Bardziej pogl\u0105dowe foto na dworzec g\u0142\u00f3wny w stolicy S\u0142owenii. Architektura wiat peronowych nie powala (swoj\u0105 drog\u0105 bardzo podobna do Sarajewa), a uk\u0142ad dworca przypomina Krak\u00f3w G\u0142\u00f3wny, gdzie doj\u015bcie do zabytkowego budynku, stoj\u0105cego z dala od peron\u00f3w, mo\u017cliwe jest tunelem ala lata 80-te i nast\u0119pnie d\u0142uga\u015bnym zadaszonym peronem. Mo\u017ce to i kiedy\u015b by\u0142a oznaka nowoczesno\u015bci, ale [&hellip;]<\/p>\n","protected":false},"author":1,"featured_media":13750,"comment_status":"open","ping_status":"","sticky":false,"template":"","format":"standard","meta":{"footnotes":""},"categories":[2,104],"tags":[257,256,3374,255,253,107],"class_list":["post-13749","post","type-post","status-publish","format-standard","has-post-thumbnail","hentry","category-kolej","category-rok-2015","tag-2015-08-16","tag-desiro","tag-ljubljana","tag-slowenia","tag-sz","tag-wakacje-2015"],"_links":{"self":[{"href":"https:\/\/wgphoto.pl\/t\/index.php?rest_route=\/wp\/v2\/posts\/13749","targetHints":{"allow":["GET"]}}],"collection":[{"href":"https:\/\/wgphoto.pl\/t\/index.php?rest_route=\/wp\/v2\/posts"}],"about":[{"href":"https:\/\/wgphoto.pl\/t\/index.php?rest_route=\/wp\/v2\/types\/post"}],"author":[{"embeddable":true,"href":"https:\/\/wgphoto.pl\/t\/index.php?rest_route=\/wp\/v2\/users\/1"}],"replies":[{"embeddable":true,"href":"https:\/\/wgphoto.pl\/t\/index.php?rest_route=%2Fwp%2Fv2%2Fcomments&post=13749"}],"version-history":[{"count":1,"href":"https:\/\/wgphoto.pl\/t\/index.php?rest_route=\/wp\/v2\/posts\/13749\/revisions"}],"predecessor-version":[{"id":13751,"href":"https:\/\/wgphoto.pl\/t\/index.php?rest_route=\/wp\/v2\/posts\/13749\/revisions\/13751"}],"wp:featuredmedia":[{"embeddable":true,"href":"https:\/\/wgphoto.pl\/t\/index.php?rest_route=\/wp\/v2\/media\/13750"}],"wp:attachment":[{"href":"https:\/\/wgphoto.pl\/t\/index.php?rest_route=%2Fwp%2Fv2%2Fmedia&parent=13749"}],"wp:term":[{"taxonomy":"category","embeddable":true,"href":"https:\/\/wgphoto.pl\/t\/index.php?rest_route=%2Fwp%2Fv2%2Fcategories&post=13749"},{"taxonomy":"post_tag","embeddable":true,"href":"https:\/\/wgphoto.pl\/t\/index.php?rest_route=%2Fwp%2Fv2%2Ftags&post=13749"}],"curies":[{"name":"wp","href":"https:\/\/api.w.org\/{rel}","templated":true}]}}