{"id":13761,"date":"2025-03-07T17:03:15","date_gmt":"2025-03-07T16:03:15","guid":{"rendered":"https:\/\/wgphoto.pl\/t\/?p=13761"},"modified":"2025-03-07T17:03:15","modified_gmt":"2025-03-07T16:03:15","slug":"atrybut-wielkomiejskosci","status":"publish","type":"post","link":"https:\/\/wgphoto.pl\/t\/?p=13761","title":{"rendered":"Atrybut wielkomiejsko\u015bci"},"content":{"rendered":"\n<figure class=\"wp-block-image aligncenter size-full\"><img loading=\"lazy\" decoding=\"async\" width=\"1200\" height=\"800\" src=\"https:\/\/wgphoto.pl\/t\/wp-content\/uploads\/2025\/03\/IMGP9403.jpg\" alt=\"\" class=\"wp-image-13762\" srcset=\"https:\/\/wgphoto.pl\/t\/wp-content\/uploads\/2025\/03\/IMGP9403.jpg 1200w, https:\/\/wgphoto.pl\/t\/wp-content\/uploads\/2025\/03\/IMGP9403-300x200.jpg 300w, https:\/\/wgphoto.pl\/t\/wp-content\/uploads\/2025\/03\/IMGP9403-768x512.jpg 768w\" sizes=\"auto, (max-width: 1200px) 100vw, 1200px\" \/><\/figure>\n\n\n\n<div class=\"wp-block-group has-global-padding is-layout-constrained wp-block-group-is-layout-constrained\">\n<p>Zwickau, Sternenstra\u00dfe, przystanek Eckersbach, Mitte. Jak to niekt\u00f3rzy mawiaj\u0105, tramwaje zestawione z wi\u0119cej ni\u017c jednego wagonu s\u0105 atrybutem wielkomiejsko\u015bci. W \u0106wikowie s\u0105 spotykane przede wszystkim na linii 3, \u0142\u0105cz\u0105cej blokowisko z blokowiskiem przez centrum. 08.09.2009<\/p>\n<\/div>\n","protected":false},"excerpt":{"rendered":"<p>Zwickau, Sternenstra\u00dfe, przystanek Eckersbach, Mitte. Jak to niekt\u00f3rzy mawiaj\u0105, tramwaje zestawione z wi\u0119cej ni\u017c jednego wagonu s\u0105 atrybutem wielkomiejsko\u015bci. W \u0106wikowie s\u0105 spotykane przede wszystkim na linii 3, \u0142\u0105cz\u0105cej blokowisko z blokowiskiem przez centrum. 08.09.2009<\/p>\n","protected":false},"author":1,"featured_media":13762,"comment_status":"open","ping_status":"","sticky":false,"template":"","format":"standard","meta":{"footnotes":""},"categories":[169,3],"tags":[731,23,143,1335,33,1332],"class_list":["post-13761","post","type-post","status-publish","format-standard","has-post-thumbnail","hentry","category-rok-2009","category-tramwaj","tag-2009-09-08","tag-niemcy","tag-ponad-30m","tag-svz-zwickau","tag-tatra-kt4","tag-zwickau"],"_links":{"self":[{"href":"https:\/\/wgphoto.pl\/t\/index.php?rest_route=\/wp\/v2\/posts\/13761","targetHints":{"allow":["GET"]}}],"collection":[{"href":"https:\/\/wgphoto.pl\/t\/index.php?rest_route=\/wp\/v2\/posts"}],"about":[{"href":"https:\/\/wgphoto.pl\/t\/index.php?rest_route=\/wp\/v2\/types\/post"}],"author":[{"embeddable":true,"href":"https:\/\/wgphoto.pl\/t\/index.php?rest_route=\/wp\/v2\/users\/1"}],"replies":[{"embeddable":true,"href":"https:\/\/wgphoto.pl\/t\/index.php?rest_route=%2Fwp%2Fv2%2Fcomments&post=13761"}],"version-history":[{"count":1,"href":"https:\/\/wgphoto.pl\/t\/index.php?rest_route=\/wp\/v2\/posts\/13761\/revisions"}],"predecessor-version":[{"id":13763,"href":"https:\/\/wgphoto.pl\/t\/index.php?rest_route=\/wp\/v2\/posts\/13761\/revisions\/13763"}],"wp:featuredmedia":[{"embeddable":true,"href":"https:\/\/wgphoto.pl\/t\/index.php?rest_route=\/wp\/v2\/media\/13762"}],"wp:attachment":[{"href":"https:\/\/wgphoto.pl\/t\/index.php?rest_route=%2Fwp%2Fv2%2Fmedia&parent=13761"}],"wp:term":[{"taxonomy":"category","embeddable":true,"href":"https:\/\/wgphoto.pl\/t\/index.php?rest_route=%2Fwp%2Fv2%2Fcategories&post=13761"},{"taxonomy":"post_tag","embeddable":true,"href":"https:\/\/wgphoto.pl\/t\/index.php?rest_route=%2Fwp%2Fv2%2Ftags&post=13761"}],"curies":[{"name":"wp","href":"https:\/\/api.w.org\/{rel}","templated":true}]}}