{"id":13764,"date":"2025-03-07T17:04:03","date_gmt":"2025-03-07T16:04:03","guid":{"rendered":"https:\/\/wgphoto.pl\/t\/?p=13764"},"modified":"2025-03-07T17:04:03","modified_gmt":"2025-03-07T16:04:03","slug":"nowy-rynek","status":"publish","type":"post","link":"https:\/\/wgphoto.pl\/t\/?p=13764","title":{"rendered":"Nowy Rynek"},"content":{"rendered":"\n<figure class=\"wp-block-image aligncenter size-full\"><img loading=\"lazy\" decoding=\"async\" width=\"1200\" height=\"800\" src=\"https:\/\/wgphoto.pl\/t\/wp-content\/uploads\/2025\/03\/IMGP9423.jpg\" alt=\"\" class=\"wp-image-13765\" srcset=\"https:\/\/wgphoto.pl\/t\/wp-content\/uploads\/2025\/03\/IMGP9423.jpg 1200w, https:\/\/wgphoto.pl\/t\/wp-content\/uploads\/2025\/03\/IMGP9423-300x200.jpg 300w, https:\/\/wgphoto.pl\/t\/wp-content\/uploads\/2025\/03\/IMGP9423-768x512.jpg 768w\" sizes=\"auto, (max-width: 1200px) 100vw, 1200px\" \/><\/figure>\n\n\n\n<div class=\"wp-block-group has-global-padding is-layout-constrained wp-block-group-is-layout-constrained\">\n<p>Zwickau, Neumarkt. Te niepozorne przystanki stanowi\u0105 centralny punkt przesiadkowy na tutejszej sieci tramwajowej, sk\u0142adaj\u0105cej si\u0119 z czterech tras wybiegaj\u0105cych z centrum (i kr\u00f3tkiej &#8211; pi\u0105tej &#8211; odnogi do dworca), kt\u00f3re \u0142\u0105cz\u0105 si\u0119 w tym w\u0142a\u015bnie miejscu. Na zdj\u0119ciu widzimy przystanki dla kierunku wsch\u00f3d-zach\u00f3d; te dla osi p\u00f3\u0142noc-po\u0142udnie zlokalizowano tu\u017c za rogiem kamienicy stoj\u0105cej po prawej stronie kadru. Brak sygnalizacji \u015bwietlnej oraz ograniczenie ruchu samochodowego sprawiaj\u0105, \u017ce przesiadanie si\u0119 w tym miejscu jest bardzo wygodne. 08.09.2009<\/p>\n<\/div>\n","protected":false},"excerpt":{"rendered":"<p>Zwickau, Neumarkt. Te niepozorne przystanki stanowi\u0105 centralny punkt przesiadkowy na tutejszej sieci tramwajowej, sk\u0142adaj\u0105cej si\u0119 z czterech tras wybiegaj\u0105cych z centrum (i kr\u00f3tkiej &#8211; pi\u0105tej &#8211; odnogi do dworca), kt\u00f3re \u0142\u0105cz\u0105 si\u0119 w tym w\u0142a\u015bnie miejscu. Na zdj\u0119ciu widzimy przystanki dla kierunku wsch\u00f3d-zach\u00f3d; te dla osi p\u00f3\u0142noc-po\u0142udnie zlokalizowano tu\u017c za rogiem kamienicy stoj\u0105cej po prawej [&hellip;]<\/p>\n","protected":false},"author":1,"featured_media":13765,"comment_status":"open","ping_status":"","sticky":false,"template":"","format":"standard","meta":{"footnotes":""},"categories":[169,3],"tags":[731,23,1335,33,1332],"class_list":["post-13764","post","type-post","status-publish","format-standard","has-post-thumbnail","hentry","category-rok-2009","category-tramwaj","tag-2009-09-08","tag-niemcy","tag-svz-zwickau","tag-tatra-kt4","tag-zwickau"],"_links":{"self":[{"href":"https:\/\/wgphoto.pl\/t\/index.php?rest_route=\/wp\/v2\/posts\/13764","targetHints":{"allow":["GET"]}}],"collection":[{"href":"https:\/\/wgphoto.pl\/t\/index.php?rest_route=\/wp\/v2\/posts"}],"about":[{"href":"https:\/\/wgphoto.pl\/t\/index.php?rest_route=\/wp\/v2\/types\/post"}],"author":[{"embeddable":true,"href":"https:\/\/wgphoto.pl\/t\/index.php?rest_route=\/wp\/v2\/users\/1"}],"replies":[{"embeddable":true,"href":"https:\/\/wgphoto.pl\/t\/index.php?rest_route=%2Fwp%2Fv2%2Fcomments&post=13764"}],"version-history":[{"count":1,"href":"https:\/\/wgphoto.pl\/t\/index.php?rest_route=\/wp\/v2\/posts\/13764\/revisions"}],"predecessor-version":[{"id":13766,"href":"https:\/\/wgphoto.pl\/t\/index.php?rest_route=\/wp\/v2\/posts\/13764\/revisions\/13766"}],"wp:featuredmedia":[{"embeddable":true,"href":"https:\/\/wgphoto.pl\/t\/index.php?rest_route=\/wp\/v2\/media\/13765"}],"wp:attachment":[{"href":"https:\/\/wgphoto.pl\/t\/index.php?rest_route=%2Fwp%2Fv2%2Fmedia&parent=13764"}],"wp:term":[{"taxonomy":"category","embeddable":true,"href":"https:\/\/wgphoto.pl\/t\/index.php?rest_route=%2Fwp%2Fv2%2Fcategories&post=13764"},{"taxonomy":"post_tag","embeddable":true,"href":"https:\/\/wgphoto.pl\/t\/index.php?rest_route=%2Fwp%2Fv2%2Ftags&post=13764"}],"curies":[{"name":"wp","href":"https:\/\/api.w.org\/{rel}","templated":true}]}}