{"id":13767,"date":"2025-03-07T17:05:16","date_gmt":"2025-03-07T16:05:16","guid":{"rendered":"https:\/\/wgphoto.pl\/t\/?p=13767"},"modified":"2025-03-07T17:06:54","modified_gmt":"2025-03-07T16:06:54","slug":"30-km-dla-dwoch-semaforow","status":"publish","type":"post","link":"https:\/\/wgphoto.pl\/t\/?p=13767","title":{"rendered":"30 km dla dw\u00f3ch semafor\u00f3w"},"content":{"rendered":"\n<figure class=\"wp-block-image aligncenter size-full\"><img loading=\"lazy\" decoding=\"async\" width=\"1200\" height=\"800\" src=\"https:\/\/wgphoto.pl\/t\/wp-content\/uploads\/2025\/03\/IMGP9466-1.jpg\" alt=\"\" class=\"wp-image-13769\" srcset=\"https:\/\/wgphoto.pl\/t\/wp-content\/uploads\/2025\/03\/IMGP9466-1.jpg 1200w, https:\/\/wgphoto.pl\/t\/wp-content\/uploads\/2025\/03\/IMGP9466-1-300x200.jpg 300w, https:\/\/wgphoto.pl\/t\/wp-content\/uploads\/2025\/03\/IMGP9466-1-768x512.jpg 768w\" sizes=\"auto, (max-width: 1200px) 100vw, 1200px\" \/><\/figure>\n\n\n\n<div class=\"wp-block-group has-global-padding is-layout-constrained wp-block-group-is-layout-constrained\">\n<p>Dwa semafory na stacji Zwickau (Sachs) Hauptbahnhof, wyjazd w kierunku Chemnitz. Zachcia\u0142o mi si\u0119 je sfotografowa\u0107 z jakim\u015b poci\u0105giem, dlatego wyjecha\u0142em st\u0105d p\u00f3\u0142 godziny p\u00f3\u017aniej ni\u017c m\u00f3g\u0142bym. W rezultacie nie zd\u0105\u017cy\u0142em na przesiadk\u0119 na ostatni poci\u0105g do czeskiego &#8222;domu&#8221; &#8211; chocia\u017c wed\u0142ug rozk\u0142adu jazdy mia\u0142em 20 minut zapasu &#8211; i 30 km z Marktredwitz do Chebu musia\u0142em pokona\u0107 pieszo. 08.09.2009<\/p>\n<\/div>\n","protected":false},"excerpt":{"rendered":"<p>Dwa semafory na stacji Zwickau (Sachs) Hauptbahnhof, wyjazd w kierunku Chemnitz. Zachcia\u0142o mi si\u0119 je sfotografowa\u0107 z jakim\u015b poci\u0105giem, dlatego wyjecha\u0142em st\u0105d p\u00f3\u0142 godziny p\u00f3\u017aniej ni\u017c m\u00f3g\u0142bym. W rezultacie nie zd\u0105\u017cy\u0142em na przesiadk\u0119 na ostatni poci\u0105g do czeskiego &#8222;domu&#8221; &#8211; chocia\u017c wed\u0142ug rozk\u0142adu jazdy mia\u0142em 20 minut zapasu &#8211; i 30 km z Marktredwitz do [&hellip;]<\/p>\n","protected":false},"author":1,"featured_media":13769,"comment_status":"open","ping_status":"","sticky":false,"template":"","format":"standard","meta":{"footnotes":""},"categories":[2,169],"tags":[731,2916,206,173,23,53,90,1332,3375],"class_list":["post-13767","post","type-post","status-publish","format-standard","has-post-thumbnail","hentry","category-kolej","category-rok-2009","tag-2009-09-08","tag-2916","tag-db","tag-koncowki","tag-niemcy","tag-sygnalizacja-ksztaltowa","tag-wieczorem","tag-zwickau","tag-zwickau-hauptbahnhof"],"_links":{"self":[{"href":"https:\/\/wgphoto.pl\/t\/index.php?rest_route=\/wp\/v2\/posts\/13767","targetHints":{"allow":["GET"]}}],"collection":[{"href":"https:\/\/wgphoto.pl\/t\/index.php?rest_route=\/wp\/v2\/posts"}],"about":[{"href":"https:\/\/wgphoto.pl\/t\/index.php?rest_route=\/wp\/v2\/types\/post"}],"author":[{"embeddable":true,"href":"https:\/\/wgphoto.pl\/t\/index.php?rest_route=\/wp\/v2\/users\/1"}],"replies":[{"embeddable":true,"href":"https:\/\/wgphoto.pl\/t\/index.php?rest_route=%2Fwp%2Fv2%2Fcomments&post=13767"}],"version-history":[{"count":1,"href":"https:\/\/wgphoto.pl\/t\/index.php?rest_route=\/wp\/v2\/posts\/13767\/revisions"}],"predecessor-version":[{"id":13770,"href":"https:\/\/wgphoto.pl\/t\/index.php?rest_route=\/wp\/v2\/posts\/13767\/revisions\/13770"}],"wp:featuredmedia":[{"embeddable":true,"href":"https:\/\/wgphoto.pl\/t\/index.php?rest_route=\/wp\/v2\/media\/13769"}],"wp:attachment":[{"href":"https:\/\/wgphoto.pl\/t\/index.php?rest_route=%2Fwp%2Fv2%2Fmedia&parent=13767"}],"wp:term":[{"taxonomy":"category","embeddable":true,"href":"https:\/\/wgphoto.pl\/t\/index.php?rest_route=%2Fwp%2Fv2%2Fcategories&post=13767"},{"taxonomy":"post_tag","embeddable":true,"href":"https:\/\/wgphoto.pl\/t\/index.php?rest_route=%2Fwp%2Fv2%2Ftags&post=13767"}],"curies":[{"name":"wp","href":"https:\/\/api.w.org\/{rel}","templated":true}]}}