{"id":13771,"date":"2025-03-07T17:06:38","date_gmt":"2025-03-07T16:06:38","guid":{"rendered":"https:\/\/wgphoto.pl\/t\/?p=13771"},"modified":"2025-03-07T17:06:38","modified_gmt":"2025-03-07T16:06:38","slug":"trzy-semafory","status":"publish","type":"post","link":"https:\/\/wgphoto.pl\/t\/?p=13771","title":{"rendered":"Trzy semafory"},"content":{"rendered":"\n<figure class=\"wp-block-image aligncenter size-full\"><img loading=\"lazy\" decoding=\"async\" width=\"1200\" height=\"700\" src=\"https:\/\/wgphoto.pl\/t\/wp-content\/uploads\/2025\/03\/IMGP9459.jpg\" alt=\"\" class=\"wp-image-13772\" srcset=\"https:\/\/wgphoto.pl\/t\/wp-content\/uploads\/2025\/03\/IMGP9459.jpg 1200w, https:\/\/wgphoto.pl\/t\/wp-content\/uploads\/2025\/03\/IMGP9459-300x175.jpg 300w, https:\/\/wgphoto.pl\/t\/wp-content\/uploads\/2025\/03\/IMGP9459-768x448.jpg 768w\" sizes=\"auto, (max-width: 1200px) 100vw, 1200px\" \/><\/figure>\n\n\n\n<div class=\"wp-block-group has-global-padding is-layout-constrained wp-block-group-is-layout-constrained\">\n<p>Zwickau (Sachs) Hbf. Przyznaj\u0119 si\u0119 bez bicia, \u017ce to foto jest sklejk\u0105 dw\u00f3ch kadr\u00f3w &#8211; st\u0105d te\u017c lekko panoramiczny rozmiar. Je\u015bli kto\u015b czuje potrzeb\u0119, mo\u017cna \u015bmia\u0142o zgadywa\u0107, w kt\u00f3rym miejscu dwie klatki zosta\u0142y po\u0142\u0105czone. Spodziewa\u0142em si\u0119 tutaj kr\u00f3tszego poci\u0105gu, takiego jak na poprzednim zdj\u0119ciu, no i nie wesz\u0142o. \ud83d\ude09 08.09.2009<\/p>\n<\/div>\n","protected":false},"excerpt":{"rendered":"<p>Zwickau (Sachs) Hbf. Przyznaj\u0119 si\u0119 bez bicia, \u017ce to foto jest sklejk\u0105 dw\u00f3ch kadr\u00f3w &#8211; st\u0105d te\u017c lekko panoramiczny rozmiar. Je\u015bli kto\u015b czuje potrzeb\u0119, mo\u017cna \u015bmia\u0142o zgadywa\u0107, w kt\u00f3rym miejscu dwie klatki zosta\u0142y po\u0142\u0105czone. Spodziewa\u0142em si\u0119 tutaj kr\u00f3tszego poci\u0105gu, takiego jak na poprzednim zdj\u0119ciu, no i nie wesz\u0142o. \ud83d\ude09 08.09.2009<\/p>\n","protected":false},"author":1,"featured_media":13772,"comment_status":"open","ping_status":"","sticky":false,"template":"","format":"standard","meta":{"footnotes":""},"categories":[2,169],"tags":[731,206,23,53,1869,90,1332,3375],"class_list":["post-13771","post","type-post","status-publish","format-standard","has-post-thumbnail","hentry","category-kolej","category-rok-2009","tag-2009-09-08","tag-db","tag-niemcy","tag-sygnalizacja-ksztaltowa","tag-wagon-sterowniczy","tag-wieczorem","tag-zwickau","tag-zwickau-hauptbahnhof"],"_links":{"self":[{"href":"https:\/\/wgphoto.pl\/t\/index.php?rest_route=\/wp\/v2\/posts\/13771","targetHints":{"allow":["GET"]}}],"collection":[{"href":"https:\/\/wgphoto.pl\/t\/index.php?rest_route=\/wp\/v2\/posts"}],"about":[{"href":"https:\/\/wgphoto.pl\/t\/index.php?rest_route=\/wp\/v2\/types\/post"}],"author":[{"embeddable":true,"href":"https:\/\/wgphoto.pl\/t\/index.php?rest_route=\/wp\/v2\/users\/1"}],"replies":[{"embeddable":true,"href":"https:\/\/wgphoto.pl\/t\/index.php?rest_route=%2Fwp%2Fv2%2Fcomments&post=13771"}],"version-history":[{"count":1,"href":"https:\/\/wgphoto.pl\/t\/index.php?rest_route=\/wp\/v2\/posts\/13771\/revisions"}],"predecessor-version":[{"id":13773,"href":"https:\/\/wgphoto.pl\/t\/index.php?rest_route=\/wp\/v2\/posts\/13771\/revisions\/13773"}],"wp:featuredmedia":[{"embeddable":true,"href":"https:\/\/wgphoto.pl\/t\/index.php?rest_route=\/wp\/v2\/media\/13772"}],"wp:attachment":[{"href":"https:\/\/wgphoto.pl\/t\/index.php?rest_route=%2Fwp%2Fv2%2Fmedia&parent=13771"}],"wp:term":[{"taxonomy":"category","embeddable":true,"href":"https:\/\/wgphoto.pl\/t\/index.php?rest_route=%2Fwp%2Fv2%2Fcategories&post=13771"},{"taxonomy":"post_tag","embeddable":true,"href":"https:\/\/wgphoto.pl\/t\/index.php?rest_route=%2Fwp%2Fv2%2Ftags&post=13771"}],"curies":[{"name":"wp","href":"https:\/\/api.w.org\/{rel}","templated":true}]}}