{"id":13774,"date":"2025-03-07T17:07:46","date_gmt":"2025-03-07T16:07:46","guid":{"rendered":"https:\/\/wgphoto.pl\/t\/?p=13774"},"modified":"2025-06-12T21:55:54","modified_gmt":"2025-06-12T19:55:54","slug":"foto-slupa-z-pociagiem-i-tramwajem-w-tle","status":"publish","type":"post","link":"https:\/\/wgphoto.pl\/t\/?p=13774","title":{"rendered":"Foto s\u0142upa z poci\u0105giem i tramwajem w tle"},"content":{"rendered":"\n<figure class=\"wp-block-image aligncenter size-full\"><img loading=\"lazy\" decoding=\"async\" width=\"1200\" height=\"800\" src=\"https:\/\/wgphoto.pl\/t\/wp-content\/uploads\/2025\/03\/IMGP9845.jpg\" alt=\"\" class=\"wp-image-13775\" srcset=\"https:\/\/wgphoto.pl\/t\/wp-content\/uploads\/2025\/03\/IMGP9845.jpg 1200w, https:\/\/wgphoto.pl\/t\/wp-content\/uploads\/2025\/03\/IMGP9845-300x200.jpg 300w, https:\/\/wgphoto.pl\/t\/wp-content\/uploads\/2025\/03\/IMGP9845-768x512.jpg 768w\" sizes=\"auto, (max-width: 1200px) 100vw, 1200px\" \/><\/figure>\n\n\n\n<div class=\"wp-block-group has-global-padding is-layout-constrained wp-block-group-is-layout-constrained\">\n<p>Zwickau Zentrum. Szerszy, cho\u0107 z wi\u0119kszej ogniskowej, wariant [jakiego\u015b innego] uj\u0119cia. Por\u00f3wnanie gabaryt\u00f3w w\u0105skiej Tatry z poci\u0105giem nie wypada wcale tak niekorzystnie dla tramwaju. 2009-09-11<\/p>\n<\/div>\n","protected":false},"excerpt":{"rendered":"<p>Zwickau Zentrum. Szerszy, cho\u0107 z wi\u0119kszej ogniskowej, wariant [jakiego\u015b innego] uj\u0119cia. Por\u00f3wnanie gabaryt\u00f3w w\u0105skiej Tatry z poci\u0105giem nie wypada wcale tak niekorzystnie dla tramwaju. 2009-09-11<\/p>\n","protected":false},"author":1,"featured_media":13775,"comment_status":"open","ping_status":"","sticky":false,"template":"","format":"standard","meta":{"footnotes":""},"categories":[2,169,3],"tags":[1334,230,23,4016,1335,33,2185,1332,3376],"class_list":["post-13774","post","type-post","status-publish","format-standard","has-post-thumbnail","hentry","category-kolej","category-rok-2009","category-tramwaj","tag-2009-09-11","tag-infrastruktura","tag-niemcy","tag-regiosprinter","tag-svz-zwickau","tag-tatra-kt4","tag-vogtlandbahn","tag-zwickau","tag-zwickau-zentrum"],"_links":{"self":[{"href":"https:\/\/wgphoto.pl\/t\/index.php?rest_route=\/wp\/v2\/posts\/13774","targetHints":{"allow":["GET"]}}],"collection":[{"href":"https:\/\/wgphoto.pl\/t\/index.php?rest_route=\/wp\/v2\/posts"}],"about":[{"href":"https:\/\/wgphoto.pl\/t\/index.php?rest_route=\/wp\/v2\/types\/post"}],"author":[{"embeddable":true,"href":"https:\/\/wgphoto.pl\/t\/index.php?rest_route=\/wp\/v2\/users\/1"}],"replies":[{"embeddable":true,"href":"https:\/\/wgphoto.pl\/t\/index.php?rest_route=%2Fwp%2Fv2%2Fcomments&post=13774"}],"version-history":[{"count":1,"href":"https:\/\/wgphoto.pl\/t\/index.php?rest_route=\/wp\/v2\/posts\/13774\/revisions"}],"predecessor-version":[{"id":13776,"href":"https:\/\/wgphoto.pl\/t\/index.php?rest_route=\/wp\/v2\/posts\/13774\/revisions\/13776"}],"wp:featuredmedia":[{"embeddable":true,"href":"https:\/\/wgphoto.pl\/t\/index.php?rest_route=\/wp\/v2\/media\/13775"}],"wp:attachment":[{"href":"https:\/\/wgphoto.pl\/t\/index.php?rest_route=%2Fwp%2Fv2%2Fmedia&parent=13774"}],"wp:term":[{"taxonomy":"category","embeddable":true,"href":"https:\/\/wgphoto.pl\/t\/index.php?rest_route=%2Fwp%2Fv2%2Fcategories&post=13774"},{"taxonomy":"post_tag","embeddable":true,"href":"https:\/\/wgphoto.pl\/t\/index.php?rest_route=%2Fwp%2Fv2%2Ftags&post=13774"}],"curies":[{"name":"wp","href":"https:\/\/api.w.org\/{rel}","templated":true}]}}