{"id":13783,"date":"2025-03-07T17:12:01","date_gmt":"2025-03-07T16:12:01","guid":{"rendered":"https:\/\/wgphoto.pl\/t\/?p=13783"},"modified":"2025-03-07T17:12:01","modified_gmt":"2025-03-07T16:12:01","slug":"blue-hour-3","status":"publish","type":"post","link":"https:\/\/wgphoto.pl\/t\/?p=13783","title":{"rendered":"Blue hour"},"content":{"rendered":"\n<figure class=\"wp-block-image aligncenter size-full\"><img loading=\"lazy\" decoding=\"async\" width=\"1200\" height=\"800\" src=\"https:\/\/wgphoto.pl\/t\/wp-content\/uploads\/2025\/03\/IMGP3409-1.jpg\" alt=\"\" class=\"wp-image-13784\" srcset=\"https:\/\/wgphoto.pl\/t\/wp-content\/uploads\/2025\/03\/IMGP3409-1.jpg 1200w, https:\/\/wgphoto.pl\/t\/wp-content\/uploads\/2025\/03\/IMGP3409-1-300x200.jpg 300w, https:\/\/wgphoto.pl\/t\/wp-content\/uploads\/2025\/03\/IMGP3409-1-768x512.jpg 768w\" sizes=\"auto, (max-width: 1200px) 100vw, 1200px\" \/><\/figure>\n\n\n\n<div class=\"wp-block-group has-global-padding is-layout-constrained wp-block-group-is-layout-constrained\">\n<p>Wroc\u0142aw, plac Powsta\u0144c\u00f3w Wielkopolskich. Przystanek ko\u0144cowo-pocz\u0105tkowy zer\u00f3weczki lewej jest wyj\u0105tkowo fotogeniczny, co by mi pewnie umkn\u0119\u0142o, gdybym nie sp\u0119dzi\u0142 tutaj prawie 1\/3 czasu trwania zmiany. Lokalizacja ta ponadto oferuje podczas postoju koj\u0105ce widoki z kabiny na park i poci\u0105gi przemykaj\u0105ce gdzie\u015b w tle, jest jednak\u017ce wyj\u0105tkowo m\u0119cz\u0105ca ze wzgl\u0119du na nieustaj\u0105ce pytania z serii &#8222;czy pan ju\u017c jedzie?&#8221; oraz &#8222;za ile ma pan odjazd?&#8221;, mimo \u017ce tu\u017c obok stoi tablica wy\u015bwietlaj\u0105ca czas do odjazdu, na kt\u00f3r\u0105 pytaj\u0105cy przed zapytaniem nawet spogl\u0105daj\u0105 &#8211; najwidoczniej ze spor\u0105 doz\u0105 nieufno\u015bci. Taka specyfika linii ok\u00f3lnej. 2015-11-21<\/p>\n<\/div>\n","protected":false},"excerpt":{"rendered":"<p>Wroc\u0142aw, plac Powsta\u0144c\u00f3w Wielkopolskich. Przystanek ko\u0144cowo-pocz\u0105tkowy zer\u00f3weczki lewej jest wyj\u0105tkowo fotogeniczny, co by mi pewnie umkn\u0119\u0142o, gdybym nie sp\u0119dzi\u0142 tutaj prawie 1\/3 czasu trwania zmiany. Lokalizacja ta ponadto oferuje podczas postoju koj\u0105ce widoki z kabiny na park i poci\u0105gi przemykaj\u0105ce gdzie\u015b w tle, jest jednak\u017ce wyj\u0105tkowo m\u0119cz\u0105ca ze wzgl\u0119du na nieustaj\u0105ce pytania z serii &#8222;czy [&hellip;]<\/p>\n","protected":false},"author":1,"featured_media":13784,"comment_status":"open","ping_status":"","sticky":false,"template":"","format":"standard","meta":{"footnotes":""},"categories":[104,3],"tags":[43,3378,34,91,42,27,439,90,41],"class_list":["post-13783","post","type-post","status-publish","format-standard","has-post-thumbnail","hentry","category-rok-2015","category-tramwaj","tag-105nwr","tag-2015-11-21","tag-architektura","tag-blue-hour","tag-mpk-wroclaw","tag-polska","tag-we-fabryce","tag-wieczorem","tag-wroclaw"],"_links":{"self":[{"href":"https:\/\/wgphoto.pl\/t\/index.php?rest_route=\/wp\/v2\/posts\/13783","targetHints":{"allow":["GET"]}}],"collection":[{"href":"https:\/\/wgphoto.pl\/t\/index.php?rest_route=\/wp\/v2\/posts"}],"about":[{"href":"https:\/\/wgphoto.pl\/t\/index.php?rest_route=\/wp\/v2\/types\/post"}],"author":[{"embeddable":true,"href":"https:\/\/wgphoto.pl\/t\/index.php?rest_route=\/wp\/v2\/users\/1"}],"replies":[{"embeddable":true,"href":"https:\/\/wgphoto.pl\/t\/index.php?rest_route=%2Fwp%2Fv2%2Fcomments&post=13783"}],"version-history":[{"count":1,"href":"https:\/\/wgphoto.pl\/t\/index.php?rest_route=\/wp\/v2\/posts\/13783\/revisions"}],"predecessor-version":[{"id":13785,"href":"https:\/\/wgphoto.pl\/t\/index.php?rest_route=\/wp\/v2\/posts\/13783\/revisions\/13785"}],"wp:featuredmedia":[{"embeddable":true,"href":"https:\/\/wgphoto.pl\/t\/index.php?rest_route=\/wp\/v2\/media\/13784"}],"wp:attachment":[{"href":"https:\/\/wgphoto.pl\/t\/index.php?rest_route=%2Fwp%2Fv2%2Fmedia&parent=13783"}],"wp:term":[{"taxonomy":"category","embeddable":true,"href":"https:\/\/wgphoto.pl\/t\/index.php?rest_route=%2Fwp%2Fv2%2Fcategories&post=13783"},{"taxonomy":"post_tag","embeddable":true,"href":"https:\/\/wgphoto.pl\/t\/index.php?rest_route=%2Fwp%2Fv2%2Ftags&post=13783"}],"curies":[{"name":"wp","href":"https:\/\/api.w.org\/{rel}","templated":true}]}}